{"id":237597,"date":"2023-06-26T12:29:19","date_gmt":"2023-06-26T10:29:19","guid":{"rendered":"https:\/\/www.cronacaonline.it\/?p=237597"},"modified":"2023-06-26T12:29:23","modified_gmt":"2023-06-26T10:29:23","slug":"protezione-civile-in-sardegna-il-test-it-alert-nuovo-sistema-di-allarme-pubblico-assessore-porcu-venerdi-30-giugno-alle-12-i-cittadini-riceveranno-sul-telefono-cellula","status":"publish","type":"post","link":"https:\/\/www.cronacaonline.it\/index.php\/2023\/06\/26\/protezione-civile-in-sardegna-il-test-it-alert-nuovo-sistema-di-allarme-pubblico-assessore-porcu-venerdi-30-giugno-alle-12-i-cittadini-riceveranno-sul-telefono-cellula\/","title":{"rendered":"Protezione civile, in Sardegna il test \u201cIt-Alert\u201d, nuovo sistema di allarme pubblico. Assessore Porcu: \u2018venerd\u00ec 30 giugno, alle 12, i cittadini riceveranno sul telefono cellulare un sms di allerta\u2019."},"content":{"rendered":"\n<p>Cagliari, 26 Giu 2023 \u2013\u00a0\u201cVenerd\u00ec 30 giugno, alle ore 12, i cittadini presenti sul territorio sardo riceveranno\u00a0sul telefono cellulare\u00a0un sms di allerta. Si tratta di un test del nuovo sistema di\u00a0allarme pubblico nazionale,\u00a0\u2018IT-alert\u2019,\u00a0per l'informazione diretta alla popolazione in caso di gravi emergenze imminenti o in corso.\u00a0Tutti i dispositivi agganciati a celle di telefonia mobile in Sardegna suoneranno contemporaneamente, emettendo un suono distintivo diverso da quello delle notifiche abituali\u201d. Lo ha spiegato\u00a0l\u2019assessore regionale della Difesa dell\u2019ambiente, Marco Porcu, che, questa mattina, ha presentato l\u2019iniziativa insieme al direttore generale della Protezione civile regionale, Antonio Pasquale Belloi.<\/p>\n\n\n\n<p>Le gravi emergenze, individuate dal Dipartimento nazionale di protezione civile, sono maremoto (generato da un terremoto); collasso di una grande diga; attivit\u00e0 vulcanica; incidenti nucleari o emergenze radiologiche; incidenti rilevanti in stabilimenti industriali; precipitazioni intense.<\/p>\n\n\n\n<p>\u201cNon \u00e8 necessario iscriversi, n\u00e9 scaricare applicazioni, il servizio \u00e8 anonimo e gratuito e chi ricever\u00e0 il messaggio di test non dovr\u00e0 fare nulla, tranne leggere il messaggio \u2013 ha aggiunto l\u2019assessore Porcu \u2013 Invitiamo tutti, per\u00f2, ad andare sul sito \u2018<a href=\"http:\/\/it-alert.it\/\" target=\"_blank\" rel=\"noreferrer noopener\">it-alert.it<\/a>\u2019&nbsp;e rispondere al questionario. Infatti, le risposte dei cittadini consentiranno di migliorare lo strumento, che, comunque, non sostituir\u00e0 le modalit\u00e0 di informazione e comunicazione gi\u00e0 in uso a livello regionale e locale, ma andr\u00e0 a integrarle\u201d.&nbsp;<\/p>\n\n\n\n<p>\u201cLa Sardegna sar\u00e0 la seconda regione, dopo la Toscana, ad effettuare il test, mentre le altre seguiranno per completare il quadro entro il 2023. Il sistema, invece, entrer\u00e0 definitivamente in funzione da febbraio 2024. Nei mesi successivi, la Regione Sardegna lavorer\u00e0 affinch\u00e9 il nuovo sistema possa essere esteso anche alle situazioni emergenziali di competenza dei dipartimenti regionali. Per esempio gli incendi boschivi, particolarmente importante nei casi in cui fosse necessario evacuare la popolazione. Si tratta di un sistema innovativo indispensabile perch\u00e9 non si poteva pi\u00f9 affidare ai soli organi di stampa e alle comunicazioni istituzionali l\u2019informativa immediata in caso di emergenza. Ormai, quasi tutti sono dotati di un cellulare, perci\u00f2 la copertura sar\u00e0 praticamente del 100%\u201d, ha concluso l\u2019Assessore dell\u2019Ambiente.&nbsp;Com<\/p>\n","protected":false},"excerpt":{"rendered":"<p>Cagliari, 26 Giu 2023 \u2013\u00a0\u201cVenerd\u00ec 30 giugno, alle ore 12, i cittadini presenti sul territorio sardo riceveranno\u00a0sul telefono cellulare\u00a0un sms di allerta. Si tratta di&#8230;<\/p>\n","protected":false},"author":2,"featured_media":237598,"comment_status":"closed","ping_status":"open","sticky":false,"template":"","format":"standard","meta":[],"categories":[49,52],"tags":[],"_links":{"self":[{"href":"https:\/\/www.cronacaonline.it\/index.php\/wp-json\/wp\/v2\/posts\/237597"}],"collection":[{"href":"https:\/\/www.cronacaonline.it\/index.php\/wp-json\/wp\/v2\/posts"}],"about":[{"href":"https:\/\/www.cronacaonline.it\/index.php\/wp-json\/wp\/v2\/types\/post"}],"author":[{"embeddable":true,"href":"https:\/\/www.cronacaonline.it\/index.php\/wp-json\/wp\/v2\/users\/2"}],"replies":[{"embeddable":true,"href":"https:\/\/www.cronacaonline.it\/index.php\/wp-json\/wp\/v2\/comments?post=237597"}],"version-history":[{"count":1,"href":"https:\/\/www.cronacaonline.it\/index.php\/wp-json\/wp\/v2\/posts\/237597\/revisions"}],"predecessor-version":[{"id":237599,"href":"https:\/\/www.cronacaonline.it\/index.php\/wp-json\/wp\/v2\/posts\/237597\/revisions\/237599"}],"wp:featuredmedia":[{"embeddable":true,"href":"https:\/\/www.cronacaonline.it\/index.php\/wp-json\/wp\/v2\/media\/237598"}],"wp:attachment":[{"href":"https:\/\/www.cronacaonline.it\/index.php\/wp-json\/wp\/v2\/media?parent=237597"}],"wp:term":[{"taxonomy":"category","embeddable":true,"href":"https:\/\/www.cronacaonline.it\/index.php\/wp-json\/wp\/v2\/categories?post=237597"},{"taxonomy":"post_tag","embeddable":true,"href":"https:\/\/www.cronacaonline.it\/index.php\/wp-json\/wp\/v2\/tags?post=237597"}],"curies":[{"name":"wp","href":"https:\/\/api.w.org\/{rel}","templated":true}]}}