{"id":237555,"date":"2023-06-24T10:38:33","date_gmt":"2023-06-24T08:38:33","guid":{"rendered":"https:\/\/www.cronacaonline.it\/?p=237555"},"modified":"2023-06-24T10:38:35","modified_gmt":"2023-06-24T08:38:35","slug":"inclusione-sociale-assessore-lai-si-conclude-il-progetto-liberi-per-gli-ex-detenuti","status":"publish","type":"post","link":"https:\/\/www.cronacaonline.it\/index.php\/2023\/06\/24\/inclusione-sociale-assessore-lai-si-conclude-il-progetto-liberi-per-gli-ex-detenuti\/","title":{"rendered":"Inclusione sociale, Assessore Lai: si conclude il progetto \u201cliberi\u201d per gli ex detenuti."},"content":{"rendered":"\n<p>Cagliari, 24 Giu 2023\u00a0- Sono pi\u00f9 di sessanta gli ex detenuti che hanno potuto partecipare al programma Liberi (Lavoro, Inserimento, Bilancio di competenze, Esperienza, Riscatto sociale, Inclusione), pensato con l\u2019obiettivo di aiutarli a reinserirsi nella societ\u00e0 attraverso progetti personalizzati. Il programma, voluto dall\u2019Assessorato regionale del Lavoro e dall\u2019Aspal e finanziato col Fondo sociale europeo, ha consentito loro di compiere un percorso non solo di formazione ma anche di tirocinio, potenziamento e tutoraggio per aumentare cos\u00ec le possibilit\u00e0 di inclusione attiva, riducendo il rischio di povert\u00e0 ed esclusione sociale. Al termine del percorso, per 21 di loro \u00e8 arrivato un contratto di lavoro, per alcuni a tempo determinato e per altri a tempo indeterminato. Un traguardo importante in un mercato del lavoro spesso difficile per le categorie pi\u00f9 fragili.<\/p>\n\n\n\n<p>\u201cUn progetto di riscatto e di reinserimento sociale importante che riduce i rischi di esclusione sociale e lavorativa - ha affermato l\u2019assessore regionale del Lavoro, Ada Lai - Il lavoro, infatti, rappresenta un punto di partenza per favorire un processo di cambiamento e riprendere in mano la propria vita in modo positivo. Ritrovare un equilibrio, ristabilire una routine giornaliera, pu\u00f2 aprire nuove porte e accrescere il senso di responsabilit\u00e0 verso s\u00e9 stessi e gli altri, ma soprattutto, prevenire le recidive e le ricadute delinquenziali\u201d.<\/p>\n\n\n\n<p>Cos\u00ec Maika Aversano, direttrice generale dell\u2019Aspal: \u201cAbbiamo fatto rete con gli uffici penitenziari, le associazioni del terzo settore e le imprese e questo progetto ha dato subito ottimi risultati, segno evidente che questa sperimentazione dovr\u00e0 proseguire fino a diventare una modalit\u00e0 ordinaria per accompagnare persone particolarmente fragili come i detenuti nel loro percorso di reinserimento nel mondo del lavoro e nella societ\u00e0\u201c.<\/p>\n\n\n\n<p>Il progetto, sviluppato in collaborazione con i Servizi sociali della Giustizia (Uffici Esecuzione Penale Esterna \u2013 Uepe e Uffici Servizi Sociali Minorenni - Ussm),&nbsp;ha portato alla presentazione di tre progetti da parte di cooperative che hanno partecipato all\u2019avviso pubblico. Si tratta del progetto Telemaco rivolto a 32 utenti (per l\u2019area che comprende la vecchia provincia di Cagliari e Oristano), del progetto Nestore per 16 utenti (area vecchia provincia di Sassari) e Giro di Boa per 16 utenti&nbsp;(area vecchia provincia di Nuoro). I primi due progetti sono stati curati dalla Cooperativa sociale Il seme in partnership con l\u2019Ifold, mentre il terzo dalla Cooperativa Lariso,&nbsp;in partnership con la Cooperativa&nbsp;Progetto&nbsp;H.&nbsp;Com<\/p>\n","protected":false},"excerpt":{"rendered":"<p>Cagliari, 24 Giu 2023\u00a0&#8211; Sono pi\u00f9 di sessanta gli ex detenuti che hanno potuto partecipare al programma Liberi (Lavoro, Inserimento, Bilancio di competenze, Esperienza, Riscatto&#8230;<\/p>\n","protected":false},"author":2,"featured_media":231046,"comment_status":"closed","ping_status":"open","sticky":false,"template":"","format":"standard","meta":[],"categories":[49,52],"tags":[],"_links":{"self":[{"href":"https:\/\/www.cronacaonline.it\/index.php\/wp-json\/wp\/v2\/posts\/237555"}],"collection":[{"href":"https:\/\/www.cronacaonline.it\/index.php\/wp-json\/wp\/v2\/posts"}],"about":[{"href":"https:\/\/www.cronacaonline.it\/index.php\/wp-json\/wp\/v2\/types\/post"}],"author":[{"embeddable":true,"href":"https:\/\/www.cronacaonline.it\/index.php\/wp-json\/wp\/v2\/users\/2"}],"replies":[{"embeddable":true,"href":"https:\/\/www.cronacaonline.it\/index.php\/wp-json\/wp\/v2\/comments?post=237555"}],"version-history":[{"count":1,"href":"https:\/\/www.cronacaonline.it\/index.php\/wp-json\/wp\/v2\/posts\/237555\/revisions"}],"predecessor-version":[{"id":237556,"href":"https:\/\/www.cronacaonline.it\/index.php\/wp-json\/wp\/v2\/posts\/237555\/revisions\/237556"}],"wp:featuredmedia":[{"embeddable":true,"href":"https:\/\/www.cronacaonline.it\/index.php\/wp-json\/wp\/v2\/media\/231046"}],"wp:attachment":[{"href":"https:\/\/www.cronacaonline.it\/index.php\/wp-json\/wp\/v2\/media?parent=237555"}],"wp:term":[{"taxonomy":"category","embeddable":true,"href":"https:\/\/www.cronacaonline.it\/index.php\/wp-json\/wp\/v2\/categories?post=237555"},{"taxonomy":"post_tag","embeddable":true,"href":"https:\/\/www.cronacaonline.it\/index.php\/wp-json\/wp\/v2\/tags?post=237555"}],"curies":[{"name":"wp","href":"https:\/\/api.w.org\/{rel}","templated":true}]}}