{"id":237522,"date":"2023-06-23T11:17:45","date_gmt":"2023-06-23T09:17:45","guid":{"rendered":"https:\/\/www.cronacaonline.it\/?p=237522"},"modified":"2023-06-23T11:17:48","modified_gmt":"2023-06-23T09:17:48","slug":"il-pd-della-sardegna-aderisce-alla-manifestazione-regionale-uniti-per-la-sanita-pubblica-indetta-per-il-24-giugno-prossimo-dalle-h-9-30-a-cagliari","status":"publish","type":"post","link":"https:\/\/www.cronacaonline.it\/index.php\/2023\/06\/23\/il-pd-della-sardegna-aderisce-alla-manifestazione-regionale-uniti-per-la-sanita-pubblica-indetta-per-il-24-giugno-prossimo-dalle-h-9-30-a-cagliari\/","title":{"rendered":"Il Pd della Sardegna aderisce alla Manifestazione regionale \u201cUniti per la Sanit\u00e0 Pubblica\u201d indetta, per il 24 giugno prossimo dalle h. 9.30 a Cagliari."},"content":{"rendered":"\n<p>Cagliari, 23 Giu 2023 - Dall\u2019esperienza della pandemia Covid che ha stressato il sistema sanitario con gravi conseguenze sulle persone, sui malati e sugli operatori, dovremmo aver compreso l\u2019importanza di una sanit\u00e0 universalistica, della necessit\u00e0 che le sue articolazioni territoriali e i presidi ospedalieri siano efficienti e in grado di rispondere ai bisogni di intervento, cura e assistenza delle cittadine e dei cittadini sardi.<\/p>\n\n\n\n<p>Si susseguono invece le denunce che raccontano di una sanit\u00e0 ostaggio di una politica che non si rende conto dell\u2019impatto che le decisioni improvvide hanno sia sugli operatori che sui cittadini.<\/p>\n\n\n\n<p>Mancano medici nei reparti, mancano medici di base e pediatri nelle zone interne come nelle citt\u00e0; mancano le guardie mediche di continuit\u00e0 e turistiche. Perdurano liste d\u2019attesa infinite che portano le persone a decidere di non curarsi.<\/p>\n\n\n\n<p>Sono in sofferenza tutti i presidi ospedalieri territoriali, comprese le strutture sociosanitarie in convenzione che sovente sono il luogo di presa in carico dei pazienti cronici complessi, dei pazienti con sofferenza mentale e disagio sociale. Chiudono i Pronto soccorso, i reparti di maternit\u00e0, quelli di chirurgia, ridimensionati quelli di oculistica, di cardiologia ed emodinamica, con un aggravio di fatica e scoramento per operatori e pazienti che si aggiunge allo stress della malattia e del lavoro. La continuit\u00e0 assistenziale non \u00e8 assicurata capillarmente e anche le guardie turistiche che sulle coste rispondono alle richieste di migliaia di turisti non sono garantite e coperte.<\/p>\n\n\n\n<p>Abbiamo visto svuotarsi, a partire dall\u2019attivazione di \u201cquota 100\u201d, il sistema della sanit\u00e0 pubblica con una fuga che prosegue tutt\u2019oggi dei medici ospedalieri verso la sanit\u00e0 privata.<\/p>\n\n\n\n<p>E in questo sfascio che vediamo, il presidente della Sardegna e il suo assessore Doria cosa propongono di fare? Nuovi ospedali come panacea di un sistema che non riescono a governare.<\/p>\n\n\n\n<p>Smontare, demansionare l\u2019Azienda Brotzu, Dea di secondo livello che tiene in piedi l\u2019emergenza urgenza per oltre met\u00e0 della popolazione della Sardegna, garantisce interventi complessi come i trapianti, la cura delle patologie pi\u00f9 rare, complesse e difficili per tutta l\u2019isola, per farne un ospedale di citt\u00e0, privarlo, di fatto, della sua funzione principale \u00e8 una follia. L\u2019Azienda Brotzu, vale la pena ricordarlo, nasce come ospedale di riferimento regionale di altissima specialit\u00e0, come l\u2019Oncologico e come il Microcitemico, ceduto, quest\u2019ultimo, alla Asl 8 e in attesa di un piano di rilancio atteso da almeno un decennio.<\/p>\n\n\n\n<p>Solo raccontare di voler \u201cspostare\u201d o trasferire questi ospedali significa aver deciso di lasciare la Sardegna senza i presidi di alta specialit\u00e0 e di eccellenza. Una cosa non solo sbagliata nel merito e nel metodo ma assurda, incomprensibile, inconcepibile.<\/p>\n\n\n\n<p>Per porre un argine a questa follia \u00e8 necessaria la mobilitazione comune ed effettiva di tutte e tutti, e noi democratici ci siamo. Ci siamo per proporre un patto con i cittadini, con gli operatori sanitari, con le associazioni dei malati per dire chiaro e forte che se pure le risorse non sono infinite, n\u00e9 quelle economiche ma soprattutto quelle del personale, vanno impiegate al meglio per dare le risposte necessarie ai bisogni della popolazione.<\/p>\n\n\n\n<p>Dopo tre anni di fatica e sacrifici siamo al punto in cui dobbiamo scendere in piazza per dire con forza che la sanit\u00e0 pubblica non si tocca, che deve essere protetta da interessi oscuri, da disegni confusi, dalla incapacit\u00e0 che imperversa e ci tocca nel diritto pi\u00f9 importante che \u00e8 quello ad essere accolti, assistiti e curati al meglio delle possibilit\u00e0. Serve ripensare il concetto di salute, predisporre nuovi strumenti, nuovi processi e modalit\u00e0 per le politiche sanitarie, sociosanitarie e sociali, dare ruolo effettivo e riconosciuto al terzo settore.<\/p>\n\n\n\n<p>Per questo ci siamo, e per questo saremo presenti sabato a Cagliari, a fianco dei comitati e dei cittadini per una difesa a oltranza del Servizio sanitario nazionale e regionale. Com<\/p>\n","protected":false},"excerpt":{"rendered":"<p>Cagliari, 23 Giu 2023 &#8211; Dall\u2019esperienza della pandemia Covid che ha stressato il sistema sanitario con gravi conseguenze sulle persone, sui malati e sugli operatori,&#8230;<\/p>\n","protected":false},"author":2,"featured_media":7831,"comment_status":"closed","ping_status":"open","sticky":false,"template":"","format":"standard","meta":[],"categories":[49,52],"tags":[],"_links":{"self":[{"href":"https:\/\/www.cronacaonline.it\/index.php\/wp-json\/wp\/v2\/posts\/237522"}],"collection":[{"href":"https:\/\/www.cronacaonline.it\/index.php\/wp-json\/wp\/v2\/posts"}],"about":[{"href":"https:\/\/www.cronacaonline.it\/index.php\/wp-json\/wp\/v2\/types\/post"}],"author":[{"embeddable":true,"href":"https:\/\/www.cronacaonline.it\/index.php\/wp-json\/wp\/v2\/users\/2"}],"replies":[{"embeddable":true,"href":"https:\/\/www.cronacaonline.it\/index.php\/wp-json\/wp\/v2\/comments?post=237522"}],"version-history":[{"count":1,"href":"https:\/\/www.cronacaonline.it\/index.php\/wp-json\/wp\/v2\/posts\/237522\/revisions"}],"predecessor-version":[{"id":237523,"href":"https:\/\/www.cronacaonline.it\/index.php\/wp-json\/wp\/v2\/posts\/237522\/revisions\/237523"}],"wp:featuredmedia":[{"embeddable":true,"href":"https:\/\/www.cronacaonline.it\/index.php\/wp-json\/wp\/v2\/media\/7831"}],"wp:attachment":[{"href":"https:\/\/www.cronacaonline.it\/index.php\/wp-json\/wp\/v2\/media?parent=237522"}],"wp:term":[{"taxonomy":"category","embeddable":true,"href":"https:\/\/www.cronacaonline.it\/index.php\/wp-json\/wp\/v2\/categories?post=237522"},{"taxonomy":"post_tag","embeddable":true,"href":"https:\/\/www.cronacaonline.it\/index.php\/wp-json\/wp\/v2\/tags?post=237522"}],"curies":[{"name":"wp","href":"https:\/\/api.w.org\/{rel}","templated":true}]}}