{"id":237515,"date":"2023-06-23T10:32:26","date_gmt":"2023-06-23T08:32:26","guid":{"rendered":"https:\/\/www.cronacaonline.it\/?p=237515"},"modified":"2023-06-23T10:32:30","modified_gmt":"2023-06-23T08:32:30","slug":"lavori-pubblici-assessore-saiu-in-arrivo-i-primi-10-milioni-di-euro-per-la-viabilita-nei-comuni-della-sardegna","status":"publish","type":"post","link":"https:\/\/www.cronacaonline.it\/index.php\/2023\/06\/23\/lavori-pubblici-assessore-saiu-in-arrivo-i-primi-10-milioni-di-euro-per-la-viabilita-nei-comuni-della-sardegna\/","title":{"rendered":"Lavori pubblici, assessore Saiu: in arrivo i primi 10 milioni di euro per la viabilit\u00e0 nei comuni della Sardegna."},"content":{"rendered":"\n<p>Cagliari, 23 Giu 2023\u00a0\u2013 La Giunta Solinas, su proposta dell\u2019assessore regionale dei Lavori Pubblici, Pierluigi Saiu, ha approvato i criteri del bando che consentir\u00e0 di assegnare finanziamenti ai Comuni della Sardegna per la realizzazione di interventi sulla viabilit\u00e0 di interesse locale. I fondi regionali stanziati a questo scopo nell\u2019ultima legge Finanziaria ammontano complessivamente a 10 milioni di euro.<\/p>\n\n\n\n<p>\u201cGrazie alle risorse messe in campo \u2013 dichiara l\u2019assessore Saiu \u2013 finanzieremo la realizzazione di un programma per le strade, intersezioni e altre opere viarie di competenza dei Comuni, inclusi marciapiedi e spazi destinati a parcheggi e piste ciclabili\u201d.<\/p>\n\n\n\n<p>Le domande presentate saranno inserite in una graduatoria che terr\u00e0 conto del livello di progettazione degli interventi (con priorit\u00e0 a quelli pi\u00f9 avanti nelle procedure) e della presenza di eventuali cofinanziamenti. Le proposte potranno accedere a un finanziamento massimo di 500mila euro se il Comune ha pi\u00f9 di 15mila abitanti e di 300 mila in caso di popolazione inferiore.<\/p>\n\n\n\n<p>Una delibera, quella della Giunta sulla viabilit\u00e0, che arriva a breve distanza dall\u2019approvazione dell\u2019analogo provvedimento che, sempre a favore dei Comuni dell\u2019Isola, ha messo a disposizione fondi per gli interventi di ristrutturazione sulle chiese. \u201cStiamo mettendo in campo un pacchetto coerente di misure a sostegno dei Comuni, a beneficio dei cittadini sardi. Entro la fine dell\u2019estate \u2013 precisa l\u2019assessore dei Lavori Pubblici \u2013 approveremo una serie di misure dirette a sostenere gli enti locali della Sardegna su alcuni specifici programmi di spesa e proseguiremo approvando una dotazione economica aggiuntiva che consenta lo scorrimento di alcune graduatorie ancora aperte per il finanziamento di opere pubbliche, verr\u00e0 quindi incrementa anche la dotazione del bando per la viabilit\u00e0, cos\u00ec da soddisfare le esigenze di un numero maggiore di comuni sardi. Infine programmeremo le risorse per realizzare interventi diretti all\u2019efficientamento energetico degli edifici e per gli impianti di illuminazione pubblica.<\/p>\n\n\n\n<p>Complessivamente il pacchetto di interventi a favore dei comuni superer\u00e0 i cento milioni di euro\u201d. Com<\/p>\n","protected":false},"excerpt":{"rendered":"<p>Cagliari, 23 Giu 2023\u00a0\u2013 La Giunta Solinas, su proposta dell\u2019assessore regionale dei Lavori Pubblici, Pierluigi Saiu, ha approvato i criteri del bando che consentir\u00e0 di&#8230;<\/p>\n","protected":false},"author":2,"featured_media":234285,"comment_status":"closed","ping_status":"open","sticky":false,"template":"","format":"standard","meta":[],"categories":[49,52],"tags":[],"_links":{"self":[{"href":"https:\/\/www.cronacaonline.it\/index.php\/wp-json\/wp\/v2\/posts\/237515"}],"collection":[{"href":"https:\/\/www.cronacaonline.it\/index.php\/wp-json\/wp\/v2\/posts"}],"about":[{"href":"https:\/\/www.cronacaonline.it\/index.php\/wp-json\/wp\/v2\/types\/post"}],"author":[{"embeddable":true,"href":"https:\/\/www.cronacaonline.it\/index.php\/wp-json\/wp\/v2\/users\/2"}],"replies":[{"embeddable":true,"href":"https:\/\/www.cronacaonline.it\/index.php\/wp-json\/wp\/v2\/comments?post=237515"}],"version-history":[{"count":1,"href":"https:\/\/www.cronacaonline.it\/index.php\/wp-json\/wp\/v2\/posts\/237515\/revisions"}],"predecessor-version":[{"id":237516,"href":"https:\/\/www.cronacaonline.it\/index.php\/wp-json\/wp\/v2\/posts\/237515\/revisions\/237516"}],"wp:featuredmedia":[{"embeddable":true,"href":"https:\/\/www.cronacaonline.it\/index.php\/wp-json\/wp\/v2\/media\/234285"}],"wp:attachment":[{"href":"https:\/\/www.cronacaonline.it\/index.php\/wp-json\/wp\/v2\/media?parent=237515"}],"wp:term":[{"taxonomy":"category","embeddable":true,"href":"https:\/\/www.cronacaonline.it\/index.php\/wp-json\/wp\/v2\/categories?post=237515"},{"taxonomy":"post_tag","embeddable":true,"href":"https:\/\/www.cronacaonline.it\/index.php\/wp-json\/wp\/v2\/tags?post=237515"}],"curies":[{"name":"wp","href":"https:\/\/api.w.org\/{rel}","templated":true}]}}