{"id":237492,"date":"2023-06-22T14:18:29","date_gmt":"2023-06-22T12:18:29","guid":{"rendered":"https:\/\/www.cronacaonline.it\/?p=237492"},"modified":"2023-06-22T14:18:31","modified_gmt":"2023-06-22T12:18:31","slug":"filming-italy-sardegna-festival-al-via-la-sesta-edizione-il-presidente-sardegna-cinema-importante-veicolo-per-accrescere-attrattivita-e-competitivita-della-nostra-isola","status":"publish","type":"post","link":"https:\/\/www.cronacaonline.it\/index.php\/2023\/06\/22\/filming-italy-sardegna-festival-al-via-la-sesta-edizione-il-presidente-sardegna-cinema-importante-veicolo-per-accrescere-attrattivita-e-competitivita-della-nostra-isola\/","title":{"rendered":"Filming Italy Sardegna festival, al via la sesta edizione. Il presidente Sardegna: \u201ccinema importante veicolo per accrescere attrattivit\u00e0 e competitivit\u00e0 della nostra isola\u201d."},"content":{"rendered":"\n<p>Cagliari, 22 Giu 2023 \u2013\u00a0\u00c8 stata presentata oggi a Cagliari, alla presenza dell\u2019Assessore del Turismo, Gianni Chessa, la sesta edizione del Filming Italy Sardegna Festival, che si terr\u00e0 dal 22 al 25 giugno a Forte Village di Cagliari.<\/p>\n\n\n\n<p>\u201cIl cinema rappresenta un importante veicolo per accrescere l\u2019attrattivit\u00e0 e la competitivit\u00e0 della nostra Isola e il Filming Italy Sardegna Festival \u00e8 certamente un\u2019occasione di promozione che ci d\u00e0 la possibilit\u00e0 di esportare nel mondo l\u2019immagine di un\u2019Isola dalle bellezze straordinarie, sostenibile e ricca di potenzialit\u00e0 \u2013 spiega il Presidente della Regione - La collaborazione della Regione su eventi internazionali di questo genere si inquadra in un ampio progetto di promozione della Sardegna, che ha come obiettivo quello di far conoscere zone e caratteristiche meno note, a partire da un immenso patrimonio storico-culturale che insieme a quello ambientale fa dell\u2019Isola una terra unica, attrattiva e di grandi potenzialit\u00e0\u201d.<\/p>\n\n\n\n<p>La Sardegna \u00e8 quindi al centro dell\u2019interesse cinematografico, questa volta per tre giornate vissute nel Sud Sardegna, con numerosi ospiti di carattere nazionale e internazionale, alcuni dei quali presenti alla presentazione del festival, come gli attori Christopher Walken, per la prima volta in Sardegna, Dennis Quaid, Daniela Melchior, che presenter\u00e0 Fast &amp; Furious 10, Francesca Chillemi (madrina del festival), Claudia Gerini (Presidente della Giuria), Ricky Menphis, Fausto Brizzi, Alessandro Nivola, di origini nuoresi, e molti altri.<\/p>\n\n\n\n<p>\u201cLa promozione turistica della Sardegna passa anche attraverso le manifestazioni e gli eventi cinematografici importanti come questo - ha spiegato l\u2019Assessore del Turismo, Gianni Chessa - che abbiamo il piacere di ospitare nuovamente nella nostra Isola. Anche attraverso il cinema abbiamo la possibilit\u00e0 di far conoscere e apprezzare la Sardegna non solo per le sue bellezze naturali ma per le potenzialit\u00e0 che esprime. Il cinema rappresenta in questo senso un fondamentale strumento di valorizzazione del territorio\u201d, ha concluso l\u2019esponente della Giunta sarda. Com<\/p>\n","protected":false},"excerpt":{"rendered":"<p>Cagliari, 22 Giu 2023 \u2013\u00a0\u00c8 stata presentata oggi a Cagliari, alla presenza dell\u2019Assessore del Turismo, Gianni Chessa, la sesta edizione del Filming Italy Sardegna Festival,&#8230;<\/p>\n","protected":false},"author":2,"featured_media":207119,"comment_status":"closed","ping_status":"open","sticky":false,"template":"","format":"standard","meta":[],"categories":[49,52],"tags":[],"_links":{"self":[{"href":"https:\/\/www.cronacaonline.it\/index.php\/wp-json\/wp\/v2\/posts\/237492"}],"collection":[{"href":"https:\/\/www.cronacaonline.it\/index.php\/wp-json\/wp\/v2\/posts"}],"about":[{"href":"https:\/\/www.cronacaonline.it\/index.php\/wp-json\/wp\/v2\/types\/post"}],"author":[{"embeddable":true,"href":"https:\/\/www.cronacaonline.it\/index.php\/wp-json\/wp\/v2\/users\/2"}],"replies":[{"embeddable":true,"href":"https:\/\/www.cronacaonline.it\/index.php\/wp-json\/wp\/v2\/comments?post=237492"}],"version-history":[{"count":1,"href":"https:\/\/www.cronacaonline.it\/index.php\/wp-json\/wp\/v2\/posts\/237492\/revisions"}],"predecessor-version":[{"id":237493,"href":"https:\/\/www.cronacaonline.it\/index.php\/wp-json\/wp\/v2\/posts\/237492\/revisions\/237493"}],"wp:featuredmedia":[{"embeddable":true,"href":"https:\/\/www.cronacaonline.it\/index.php\/wp-json\/wp\/v2\/media\/207119"}],"wp:attachment":[{"href":"https:\/\/www.cronacaonline.it\/index.php\/wp-json\/wp\/v2\/media?parent=237492"}],"wp:term":[{"taxonomy":"category","embeddable":true,"href":"https:\/\/www.cronacaonline.it\/index.php\/wp-json\/wp\/v2\/categories?post=237492"},{"taxonomy":"post_tag","embeddable":true,"href":"https:\/\/www.cronacaonline.it\/index.php\/wp-json\/wp\/v2\/tags?post=237492"}],"curies":[{"name":"wp","href":"https:\/\/api.w.org\/{rel}","templated":true}]}}