{"id":237489,"date":"2023-06-22T14:15:07","date_gmt":"2023-06-22T12:15:07","guid":{"rendered":"https:\/\/www.cronacaonline.it\/?p=237489"},"modified":"2023-06-22T14:15:10","modified_gmt":"2023-06-22T12:15:10","slug":"guardia-di-finanza-lassessore-pili-a-oristano-per-il-249-anniversario-risorsa-imprescindibile-per-la-sicurezza-del-nostro-sistema-economico-e-sociale","status":"publish","type":"post","link":"https:\/\/www.cronacaonline.it\/index.php\/2023\/06\/22\/guardia-di-finanza-lassessore-pili-a-oristano-per-il-249-anniversario-risorsa-imprescindibile-per-la-sicurezza-del-nostro-sistema-economico-e-sociale\/","title":{"rendered":"Guardia di Finanza, l\u2019assessore Pili a Oristano per il 249\u00b0 anniversario: \u201crisorsa imprescindibile per la sicurezza del nostro sistema economico e sociale\u201d."},"content":{"rendered":"\n<p>Cagliari, 22 Giu 2023\u00a0\u2013 \u201cVoglio esprimere profonda gratitudine alle donne e agli uomini delle Fiamme Gialle, per lo spirito di abnegazione e la professionalit\u00e0 con cui, ogni giorno, operano per garantire, insieme alle altre Forze di polizia, l\u2019integrit\u00e0, la legittimit\u00e0 e la sicurezza delle nostre comunit\u00e0\u201d.<\/p>\n\n\n\n<p>Lo ha detto l\u2019assessore dell\u2019Industria, Anita Pili, che questa mattina ha partecipato ad Oristano alle celebrazioni per il 249\u00b0 anniversario di fondazione della Guardia di Finanza. \u201cUna risorsa imprescindibile \u2013 ha concluso Anita Pili \u2013 per contrastare condotte illecite e preservare il nostro sistema sociale ed economico\u201d.&nbsp;Com<\/p>\n","protected":false},"excerpt":{"rendered":"<p>Cagliari, 22 Giu 2023\u00a0\u2013 \u201cVoglio esprimere profonda gratitudine alle donne e agli uomini delle Fiamme Gialle, per lo spirito di abnegazione e la professionalit\u00e0 con&#8230;<\/p>\n","protected":false},"author":2,"featured_media":237490,"comment_status":"closed","ping_status":"open","sticky":false,"template":"","format":"standard","meta":[],"categories":[49,52],"tags":[],"_links":{"self":[{"href":"https:\/\/www.cronacaonline.it\/index.php\/wp-json\/wp\/v2\/posts\/237489"}],"collection":[{"href":"https:\/\/www.cronacaonline.it\/index.php\/wp-json\/wp\/v2\/posts"}],"about":[{"href":"https:\/\/www.cronacaonline.it\/index.php\/wp-json\/wp\/v2\/types\/post"}],"author":[{"embeddable":true,"href":"https:\/\/www.cronacaonline.it\/index.php\/wp-json\/wp\/v2\/users\/2"}],"replies":[{"embeddable":true,"href":"https:\/\/www.cronacaonline.it\/index.php\/wp-json\/wp\/v2\/comments?post=237489"}],"version-history":[{"count":1,"href":"https:\/\/www.cronacaonline.it\/index.php\/wp-json\/wp\/v2\/posts\/237489\/revisions"}],"predecessor-version":[{"id":237491,"href":"https:\/\/www.cronacaonline.it\/index.php\/wp-json\/wp\/v2\/posts\/237489\/revisions\/237491"}],"wp:featuredmedia":[{"embeddable":true,"href":"https:\/\/www.cronacaonline.it\/index.php\/wp-json\/wp\/v2\/media\/237490"}],"wp:attachment":[{"href":"https:\/\/www.cronacaonline.it\/index.php\/wp-json\/wp\/v2\/media?parent=237489"}],"wp:term":[{"taxonomy":"category","embeddable":true,"href":"https:\/\/www.cronacaonline.it\/index.php\/wp-json\/wp\/v2\/categories?post=237489"},{"taxonomy":"post_tag","embeddable":true,"href":"https:\/\/www.cronacaonline.it\/index.php\/wp-json\/wp\/v2\/tags?post=237489"}],"curies":[{"name":"wp","href":"https:\/\/api.w.org\/{rel}","templated":true}]}}