{"id":237487,"date":"2023-06-22T14:12:14","date_gmt":"2023-06-22T12:12:14","guid":{"rendered":"https:\/\/www.cronacaonline.it\/?p=237487"},"modified":"2023-06-22T14:12:17","modified_gmt":"2023-06-22T12:12:17","slug":"trasporto-animali-vivi-e-scarti-di-lavorazione-lassessore-moro-convoca-le-compagnie-di-navigazione-una-nave-in-piu-e-soluzioni-per-ridurre-al-minimo-i-disagi","status":"publish","type":"post","link":"https:\/\/www.cronacaonline.it\/index.php\/2023\/06\/22\/trasporto-animali-vivi-e-scarti-di-lavorazione-lassessore-moro-convoca-le-compagnie-di-navigazione-una-nave-in-piu-e-soluzioni-per-ridurre-al-minimo-i-disagi\/","title":{"rendered":"Trasporto animali vivi e scarti di lavorazione, l\u2019assessore Moro convoca le compagnie di navigazione: \u201cuna nave in pi\u00f9 e soluzioni per ridurre al minimo i disagi\u201d."},"content":{"rendered":"\n<p>Cagliari, 22 Giu 2023 -\u00a0L\u2019assessore regionale dei Trasporti, Antonio Moro, ha incontrato oggi, in videoconferenza, i rappresentanti delle compagnie di navigazione marittima per fare il punto sulla situazione del trasporto di animali vivi e degli scarti di lavorazione nel periodo estivo.<\/p>\n\n\n\n<p>\u201cL\u2019incontro di oggi \u2013 spiega l\u2019esponente della Giunta sarda\u2013 convocato in seguito alle numerose sollecitazioni ricevute, soprattutto da parte delle organizzazioni di categoria, \u00e8 servito a fare luce sulle criticit\u00e0 che si sono registrate nelle ultime settimane. I responsabili delle compagnie hanno confermato le difficolt\u00e0 a procedere all\u2019imbarco di carichi di animali vivi e scarti di macellazione nelle navi cosiddette Ro-Pax (passeggeri, auto, camion e rimorchi) con garage chiuso, a causa delle elevate temperature che si sviluppano all\u2019interno e della non secondaria questione legata ai miasmi che tali carichi provocano\u201d.<\/p>\n\n\n\n<p>Cin Tirrenia, con l\u2019amministratore Massimo Mura, ha confermato la disponibilit\u00e0 della compagnia all\u2019imbarco dei cavalli nelle navi Ro-Pax in servizio sulle linee Genova-Porto Torres, Genova-Olbia, Livorno-Olbia e Civitavecchia-Olbia, anche nei mesi estivi e nel rispetto delle prescrizioni contenute nell\u2019apposito accordo stipulato a suo tempo con l\u2019associazione allevatori. Durante i mesi estivi le uniche linee nelle quali potranno essere imbarcati i carichi con animali vivi e scarti di macellazione sono le navi merci Livorno-Olbia e Livorno-Cagliari che hanno cadenza bisettimanale.<\/p>\n\n\n\n<p>Grimaldi, con il line manager Giovanni Balletta, ha confermato il regolare imbarco di cavalli, anche nel periodo estivo, sulle rotte Ro-Pax Livorno-Olbia, Civitavecchia-Cagliari, Napoli-Cagliari, mentre animali vivi e scarti di macellazione potranno essere imbarcati soltanto sulle tratte solo merci Genova-Porto Torres, Livorno-Cagliari e Salerno-Cagliari che hanno cadenza tre volte alla settimana.<\/p>\n\n\n\n<p>Corsica Ferries ha comunicato che sulla linea Golfo Aranci-Livorno nel periodo estivo non imbarcher\u00e0 carichi con animali vivi mentre la Grendi ha annunciato l\u2019impiego, entro la met\u00e0 di luglio, di un\u2019altra nave solo merci sulla tratta Olbia-Marina di Carrara. Le partenze dal porto gallurese passeranno cos\u00ec da tre a quattro alla settimana, che si aggiungono alle 5 partenze alla settimana dal porto di Cagliari. In tutte le tratte servite dalla Grendi \u00e8 consentito anche nel periodo estivo l\u2019imbarco di animali vivi e scarti di lavorazione degli animali.<\/p>\n\n\n\n<p>\u201cPermangono dunque alcune criticit\u00e0 nel trasporto degli animali vivi, ma l\u2019impiego di una nave aggiuntiva da Olbia e la volont\u00e0 dichiarata dalle compagnie di soddisfare le esigenze di questi particolari servizi di trasporto, seppure in un periodo complesso per i collegamenti marittimi, ci consente di poter affermare \u2013 conclude l\u2019assessore Moro \u2013 che i disagi per gli operatori sembrano destinati a essere mitigati se non anche completamente eliminati\u201d.&nbsp;Com<\/p>\n","protected":false},"excerpt":{"rendered":"<p>Cagliari, 22 Giu 2023 &#8211;\u00a0L\u2019assessore regionale dei Trasporti, Antonio Moro, ha incontrato oggi, in videoconferenza, i rappresentanti delle compagnie di navigazione marittima per fare il&#8230;<\/p>\n","protected":false},"author":2,"featured_media":229936,"comment_status":"closed","ping_status":"open","sticky":false,"template":"","format":"standard","meta":[],"categories":[49,52],"tags":[],"_links":{"self":[{"href":"https:\/\/www.cronacaonline.it\/index.php\/wp-json\/wp\/v2\/posts\/237487"}],"collection":[{"href":"https:\/\/www.cronacaonline.it\/index.php\/wp-json\/wp\/v2\/posts"}],"about":[{"href":"https:\/\/www.cronacaonline.it\/index.php\/wp-json\/wp\/v2\/types\/post"}],"author":[{"embeddable":true,"href":"https:\/\/www.cronacaonline.it\/index.php\/wp-json\/wp\/v2\/users\/2"}],"replies":[{"embeddable":true,"href":"https:\/\/www.cronacaonline.it\/index.php\/wp-json\/wp\/v2\/comments?post=237487"}],"version-history":[{"count":1,"href":"https:\/\/www.cronacaonline.it\/index.php\/wp-json\/wp\/v2\/posts\/237487\/revisions"}],"predecessor-version":[{"id":237488,"href":"https:\/\/www.cronacaonline.it\/index.php\/wp-json\/wp\/v2\/posts\/237487\/revisions\/237488"}],"wp:featuredmedia":[{"embeddable":true,"href":"https:\/\/www.cronacaonline.it\/index.php\/wp-json\/wp\/v2\/media\/229936"}],"wp:attachment":[{"href":"https:\/\/www.cronacaonline.it\/index.php\/wp-json\/wp\/v2\/media?parent=237487"}],"wp:term":[{"taxonomy":"category","embeddable":true,"href":"https:\/\/www.cronacaonline.it\/index.php\/wp-json\/wp\/v2\/categories?post=237487"},{"taxonomy":"post_tag","embeddable":true,"href":"https:\/\/www.cronacaonline.it\/index.php\/wp-json\/wp\/v2\/tags?post=237487"}],"curies":[{"name":"wp","href":"https:\/\/api.w.org\/{rel}","templated":true}]}}