{"id":237485,"date":"2023-06-22T12:49:58","date_gmt":"2023-06-22T10:49:58","guid":{"rendered":"https:\/\/www.cronacaonline.it\/?p=237485"},"modified":"2023-06-22T12:50:00","modified_gmt":"2023-06-22T10:50:00","slug":"energia-dalla-conferenza-delle-regioni-si-al-dl-57-lassessore-anita-pili-le-regioni-siano-protagoniste-nelle-scelte-relative-alla-transizione-energetica","status":"publish","type":"post","link":"https:\/\/www.cronacaonline.it\/index.php\/2023\/06\/22\/energia-dalla-conferenza-delle-regioni-si-al-dl-57-lassessore-anita-pili-le-regioni-siano-protagoniste-nelle-scelte-relative-alla-transizione-energetica\/","title":{"rendered":"Energia, dalla conferenza delle regioni s\u00ec al dl 57. L\u2019assessore Anita Pili: \u201cle regioni siano protagoniste nelle scelte relative alla transizione energetica."},"content":{"rendered":"\n<p>Cagliari, 22 giugno 2023\u00a0\u2013 \u201cLa Conferenza delle Regioni ha approvato all\u2019unanimit\u00e0 la proposta di conversione in legge del Dl 57 in materia di energia\u201d. Lo afferma l\u2019assessore dell\u2019Industria, Anita Pili, ieri a Roma per relazionare il documento, stilato dalle Regioni Sardegna, Emilia Romagna, Piemonte, Lombardia, Liguria e Toscana, e dalla Provincia Autonoma di Bolzano, che vuole appunto convertire in legge il decreto del 29 maggio scorso recante misure urgenti per gli enti territoriali, e garantire la tempestiva attuazione del Piano nazionale di ripresa e resilienza e per il settore energetico. L\u2019attenzione del provvedimento si concentra in particolare sui rigassificatori ma, sottolinea Anita Pili, \u201criguarda in generale l\u2019installazione di tutti i nuovi impianti energetici, che deve avvenire nel rispetto degli equilibri delle comunit\u00e0, sotto ogni punto di vista\u201d.<\/p>\n\n\n\n<p>\u201cLe Regioni \u2013 spiega l\u2019assessore Pili \u2013 vogliono essere protagoniste della transizione energetica insieme ai loro territori e alle loro comunit\u00e0, senza sottrarsi al principio di solidariet\u00e0 energetica che \u00e8 fondamentale per uscire dalla dipendenza da paesi terzi e dalle fonti fossili, ma senza dimenticare la leale collaborazione istituzionale. Spetta alle Regioni infatti \u2013 sottolinea Anita Pili \u2013 la possibilit\u00e0 di scelta del luogo pi\u00f9 idoneo ad ospitare gli impianti energetici, in questo caso i rigassificatori. L\u2019unico strumento a garantire questo rimane la \u2018previa intesa\u2019 con le Regioni interessate all\u2019implementazione infrastrutturale\u201d.<\/p>\n\n\n\n<p>\u201cIl lavoro che si sta facendo con il Mase \u2013 conclude l\u2019assessore dell\u2019Industria \u2013 \u00e8 soprattutto quello di un confronto aperto con le esigenze delle Regioni; l\u2019auspicio \u00e8 che al termine si arrivi ad avere una pianificazione energetica che partendo dalle comunit\u00e0 locali, sia davvero strategica per il nostro paese\u201d.<\/p>\n\n\n\n<p>Sempre a Roma nella giornata di ieri, l\u2019assessore Pili, in qualit\u00e0 di Coordinatore della Commissione Energia, ha incontrato Enel e RFI che hanno illustrato i loro progetti di sviluppo in materia energetica, sia di sviluppo delle reti sia di implementazione di rinnovabile.Com<\/p>\n","protected":false},"excerpt":{"rendered":"<p>Cagliari, 22 giugno 2023\u00a0\u2013 \u201cLa Conferenza delle Regioni ha approvato all\u2019unanimit\u00e0 la proposta di conversione in legge del Dl 57 in materia di energia\u201d. Lo&#8230;<\/p>\n","protected":false},"author":2,"featured_media":223451,"comment_status":"closed","ping_status":"open","sticky":false,"template":"","format":"standard","meta":[],"categories":[49,52],"tags":[],"_links":{"self":[{"href":"https:\/\/www.cronacaonline.it\/index.php\/wp-json\/wp\/v2\/posts\/237485"}],"collection":[{"href":"https:\/\/www.cronacaonline.it\/index.php\/wp-json\/wp\/v2\/posts"}],"about":[{"href":"https:\/\/www.cronacaonline.it\/index.php\/wp-json\/wp\/v2\/types\/post"}],"author":[{"embeddable":true,"href":"https:\/\/www.cronacaonline.it\/index.php\/wp-json\/wp\/v2\/users\/2"}],"replies":[{"embeddable":true,"href":"https:\/\/www.cronacaonline.it\/index.php\/wp-json\/wp\/v2\/comments?post=237485"}],"version-history":[{"count":1,"href":"https:\/\/www.cronacaonline.it\/index.php\/wp-json\/wp\/v2\/posts\/237485\/revisions"}],"predecessor-version":[{"id":237486,"href":"https:\/\/www.cronacaonline.it\/index.php\/wp-json\/wp\/v2\/posts\/237485\/revisions\/237486"}],"wp:featuredmedia":[{"embeddable":true,"href":"https:\/\/www.cronacaonline.it\/index.php\/wp-json\/wp\/v2\/media\/223451"}],"wp:attachment":[{"href":"https:\/\/www.cronacaonline.it\/index.php\/wp-json\/wp\/v2\/media?parent=237485"}],"wp:term":[{"taxonomy":"category","embeddable":true,"href":"https:\/\/www.cronacaonline.it\/index.php\/wp-json\/wp\/v2\/categories?post=237485"},{"taxonomy":"post_tag","embeddable":true,"href":"https:\/\/www.cronacaonline.it\/index.php\/wp-json\/wp\/v2\/tags?post=237485"}],"curies":[{"name":"wp","href":"https:\/\/api.w.org\/{rel}","templated":true}]}}