{"id":237442,"date":"2023-06-21T15:28:06","date_gmt":"2023-06-21T13:28:06","guid":{"rendered":"https:\/\/www.cronacaonline.it\/?p=237442"},"modified":"2023-06-21T15:28:08","modified_gmt":"2023-06-21T13:28:08","slug":"agricoltura-lassessore-satta-al-convegno-di-confagricoltura-a-roma","status":"publish","type":"post","link":"https:\/\/www.cronacaonline.it\/index.php\/2023\/06\/21\/agricoltura-lassessore-satta-al-convegno-di-confagricoltura-a-roma\/","title":{"rendered":"Agricoltura, l\u2019assessore Satta al convegno di Confagricoltura a Roma."},"content":{"rendered":"\n<p>Cagliari, 21 Giu 2023\u00a0\u2013 \u201cIl mondo dell\u2019agricoltura \u00e8 in evoluzione, e con esso le sue professioni: il necessario supporto delle nuove tecnologie infatti richiede sempre pi\u00f9 l\u2019inserimento di personale specializzato nel loro utilizzo. L\u2019intero settore ha necessit\u00e0 di manodopera: lo confermano oggi i dati nazionali. In Sardegna fortunatamente, negli ultimi anni, vediamo che sono tanti i giovani che si dedicano ai mestieri tradizionali per innovarli, facendo crescere realt\u00e0 familiari o creandone di nuove: \u00e8 nostro compito incentivarli in questa direzione, con soluzioni strutturali innovative\u201d. Lo afferma l\u2019assessore dell\u2019Agricoltura della Regione, Valeria Satta, che questa mattina ha preso parte al convegno organizzato a Roma da Confagricoltura dal titolo \u201cLavoratori agricoli cercasi\u201d, cui \u00e8 intervenuto anche il Ministro del Lavoro e delle Politiche Sociali Marina Elvira Calderone.<\/p>\n\n\n\n<p>Nella sede di Palazzo della Valle il tema affrontato \u00e8 stato quello del mercato del lavoro agricolo tra \u201cantichi vizi e nuove virt\u00f9\u201d: dall\u2019osservatorio Eban Lavoro Agricolo dell\u2019Inps emerge che sono oltre 1 milione i dipendenti del comparto agricoltura in Italia, la maggior parte dei quali sono operai, mentre il 4% del totale include impiegati, quadri e dirigenti.<\/p>\n\n\n\n<p>La carenza di manodopera, colmata fino a questo momento da lavoratori stranieri, riguarda tutti i settori del comparto, dall\u2019ortofrutta alla zootecnia. Una lacuna che pone le aziende in una situazione di stress, aggravando i problemi produttivi di un settore gi\u00e0 di per s\u00e9 caratterizzato da scarsa elasticit\u00e0 e da fattori estranei alla volont\u00e0 della parte imprenditoriale, quali i cicli biologici naturali e gli agenti atmosferici.<\/p>\n\n\n\n<p>L\u2019obiettivo dell\u2019evento odierno \u00e8 stato quindi quello di analizzare, con esperti della materia e rappresentanti delle Istituzioni, i problemi del mercato del lavoro agricolo immaginando possibili soluzioni, anche innovative, per aiutare le imprese a risolvere questa criticit\u00e0.<\/p>\n\n\n\n<p>\u201cRingrazio il Presidente di Confagricoltura, Massimiliano Giansanti\u201d conclude l\u2019assessore Satta. \u201cCi auguriamo che sempre pi\u00f9 persone scelgano di dedicarsi ai lavori del settore primario della nostra economia. Noi ci impegneremo per far s\u00ec che le condizioni lavorative siano sempre pi\u00f9 attrattive ed innovative\u201d. Com<\/p>\n","protected":false},"excerpt":{"rendered":"<p>Cagliari, 21 Giu 2023\u00a0\u2013 \u201cIl mondo dell\u2019agricoltura \u00e8 in evoluzione, e con esso le sue professioni: il necessario supporto delle nuove tecnologie infatti richiede sempre&#8230;<\/p>\n","protected":false},"author":2,"featured_media":234750,"comment_status":"closed","ping_status":"open","sticky":false,"template":"","format":"standard","meta":[],"categories":[49,52],"tags":[],"_links":{"self":[{"href":"https:\/\/www.cronacaonline.it\/index.php\/wp-json\/wp\/v2\/posts\/237442"}],"collection":[{"href":"https:\/\/www.cronacaonline.it\/index.php\/wp-json\/wp\/v2\/posts"}],"about":[{"href":"https:\/\/www.cronacaonline.it\/index.php\/wp-json\/wp\/v2\/types\/post"}],"author":[{"embeddable":true,"href":"https:\/\/www.cronacaonline.it\/index.php\/wp-json\/wp\/v2\/users\/2"}],"replies":[{"embeddable":true,"href":"https:\/\/www.cronacaonline.it\/index.php\/wp-json\/wp\/v2\/comments?post=237442"}],"version-history":[{"count":1,"href":"https:\/\/www.cronacaonline.it\/index.php\/wp-json\/wp\/v2\/posts\/237442\/revisions"}],"predecessor-version":[{"id":237443,"href":"https:\/\/www.cronacaonline.it\/index.php\/wp-json\/wp\/v2\/posts\/237442\/revisions\/237443"}],"wp:featuredmedia":[{"embeddable":true,"href":"https:\/\/www.cronacaonline.it\/index.php\/wp-json\/wp\/v2\/media\/234750"}],"wp:attachment":[{"href":"https:\/\/www.cronacaonline.it\/index.php\/wp-json\/wp\/v2\/media?parent=237442"}],"wp:term":[{"taxonomy":"category","embeddable":true,"href":"https:\/\/www.cronacaonline.it\/index.php\/wp-json\/wp\/v2\/categories?post=237442"},{"taxonomy":"post_tag","embeddable":true,"href":"https:\/\/www.cronacaonline.it\/index.php\/wp-json\/wp\/v2\/tags?post=237442"}],"curies":[{"name":"wp","href":"https:\/\/api.w.org\/{rel}","templated":true}]}}