{"id":237437,"date":"2023-06-21T13:05:48","date_gmt":"2023-06-21T11:05:48","guid":{"rendered":"https:\/\/www.cronacaonline.it\/?p=237437"},"modified":"2023-06-21T13:05:50","modified_gmt":"2023-06-21T11:05:50","slug":"consiglio-sardegna-collegato-alla-finanziaria-presentate-le-relazioni-di-maggioranza-e-opposizione-martedi-prossimo-la-discussione-generale","status":"publish","type":"post","link":"https:\/\/www.cronacaonline.it\/index.php\/2023\/06\/21\/consiglio-sardegna-collegato-alla-finanziaria-presentate-le-relazioni-di-maggioranza-e-opposizione-martedi-prossimo-la-discussione-generale\/","title":{"rendered":"Consiglio Sardegna &#8211; Collegato alla Finanziaria: Presentate le relazioni di maggioranza e opposizione. Marted\u00ec prossimo la discussione generale."},"content":{"rendered":"\n<p>Cagliari 21 Giu 2023 \u2013\u00a0La seduta di questa mattina del Consiglio regionale della Sardegna \u00e8 stata aperta dal vice presidente Giovanni Antonio Satta. Dopo le formalit\u00e0 di rito il Consiglio ha iniziato l\u2019esame dell\u2019ordine del giorno e, come primo provvedimento, ha approvato il rendiconto del Consiglio per l\u2019anno 2022. Subito dopo \u00e8 iniziata la discussione generale del Disegno di legge n.373 (Collegato alla Finanziaria), illustrato dal presidente della commissione Bilancio Stefano Schirru (Psd\u2019Az), relatore di maggioranza.<\/p>\n\n\n\n<p>Schirru ha ripercorso l\u2019iter della legge che, ha ricordato, \u00e8 parte integrante dei documenti di programmazione economico-finanziaria. Si \u00e8 trattato di una istruttoria ampia e complessa che ha impegnato tutte le commissioni anche in un lungo ciclo di audizioni, ha sostenuto, durante la quale sono stati affrontati argomenti di grande importanza ma estranei alla competenza della commissione (passaggio sul quale \u00e8 auspicabile una riflessione), come quelli relativi al personale mentre, sul piano ordinamentale, sono stati esaminati problemi altrettanto significativi, come l\u2019assetto delle circoscrizioni provinciali, il recupero del patrimonio edilizio e la gestione del demanio marittimo.<\/p>\n\n\n\n<p>Per la minoranza, il relatore Giuseppe Meloni del Pd, ha svolto un intervento molto critico, sottolineando i ritardi dell\u2019arrivo in Aula della legge, e criticando i suoi contenuti sul piano del metodo e del merito. Per quanto riguarda il metodo, Meloni ha osservato che il testo non \u00e8 un vero e proprio \u201ccollegato\u201d, nella definizione che ne viene data dalla legge, perch\u00e9 contiene norme che \u201cattraversano\u201d vari campi, dall\u2019agricoltura alla sanit\u00e0, e questo ha determinato un iter inutilmente farraginoso. Inoltre, secondo il consigliere, sono stati introdotti nel testo emendamenti inammissibili ed in contrasto con il regolamento consiliare. Nel merito, ha dichiarato Meloni, la legge denota per l\u2019ennesima volta la scarsa capacit\u00e0 di programmazione della maggioranza, gi\u00e0 peraltro segnalata anche dalla Corte dei conti, ed evidenzia un grave rallentamento delle procedure di spesa, con danni evidenti per tutto il sistema regionale. Sarebbe stato invece necessario a suo avviso, come del resto aveva proposto l\u2019opposizione, stralciare alcune parti del testo come ad esempio l\u2019urbanistica, e trasformarle in provvedimenti organici.<\/p>\n\n\n\n<p>Dopo la relazione di Meloni, alcuni consiglieri regionali hanno preso la parola sull\u2019ordine dei lavori.<\/p>\n\n\n\n<p>Daniele Cocco, di Alleanza Europa Verde, ha richiamato l\u2019attenzione del Consiglio sul turnover di Forestas che, secondo gli accordi raggiunti fra i gruppi, avrebbe dovuto essere sottoposto alle commissioni competenti Autonomia e Governo del territorio in seduta congiunta con l\u2019intervento dell\u2019Anci e dei Comuni. Non solo questo non \u00e8 accaduto, ha lamentato, ma si parla di una imminente delibera di Giunta nella quale sarebbero stati cancellati i diritti acquisiti in materia di anzianit\u00e0. Di qui la sollecitazione a riportare al pi\u00f9 presto l\u2019argomento in commissione<\/p>\n\n\n\n<p>Il capogruppo dei Progressisti Francesco Agus ha sollevato un\u2019eccezione procedurale sul collegato che, essendo privo del parere del Cal, non pu\u00f2 essere discusso perch\u00e9 contiene norme sugli Enti locali. A ben vedere, ha proseguito, la legge non \u00e8 nemmeno un collegato perch\u00e9 contiene norme estranee alla materia finanziaria.<\/p>\n\n\n\n<p>Il consigliere Salvatore Corrias (Pd), ancora su Forestas, ha lamentato che nelle selezioni interne programmate siano stati introdotti criteri illegittimi sull\u2019anzianit\u00e0 che escluderebbero vaste aliquote di personale e perfino i dipendenti cinquantenni.<\/p>\n\n\n\n<p>Il consigliere sardista Franco Mula ha riconosciuto la necessit\u00e0 di approfondire le delibere riguardanti Forestas, sulle quali c\u2019\u00e8 interesse ed attenzione di tutti i gruppi ed inoltre ha sollecitato la revisione di alcune parti della legge di stabilit\u00e0 perch\u00e9 a suo giudizio molti interventi sono stati assegnati in modo errato ad un assessorato piuttosto che ad un altro, determinando un allungamento dei tempi.<\/p>\n\n\n\n<p>Il capogruppo del Pd Gianfranco Ganau ha proposto la sospensione dei lavori perch\u00e9, oltre alla questione sul parere del Cal, a suo giudizio manca il numero legale ed \u00e8 necessaria una verifica.<\/p>\n\n\n\n<p>Il presidente ha risposto che il parere del Cal \u00e8 stato formalmente richiesto, anche se non ancora pervenuto, ed ha proposto la convocazione della conferenza dei capigruppo per stabilire le modalit\u00e0 di prosecuzione dei lavori. La proposta \u00e8 stata accolta.<\/p>\n\n\n\n<p>Alla ripresa dei lavori il presidente ha comunicato che, in base alla decisione dei capigruppo, i lavori del Consiglio sono aggiornati a marted\u00ec prossimo 27 giugno alle ore 10.00. Com<\/p>\n","protected":false},"excerpt":{"rendered":"<p>Cagliari 21 Giu 2023 \u2013\u00a0La seduta di questa mattina del Consiglio regionale della Sardegna \u00e8 stata aperta dal vice presidente Giovanni Antonio Satta. Dopo le&#8230;<\/p>\n","protected":false},"author":2,"featured_media":191710,"comment_status":"closed","ping_status":"open","sticky":false,"template":"","format":"standard","meta":[],"categories":[49,52],"tags":[],"_links":{"self":[{"href":"https:\/\/www.cronacaonline.it\/index.php\/wp-json\/wp\/v2\/posts\/237437"}],"collection":[{"href":"https:\/\/www.cronacaonline.it\/index.php\/wp-json\/wp\/v2\/posts"}],"about":[{"href":"https:\/\/www.cronacaonline.it\/index.php\/wp-json\/wp\/v2\/types\/post"}],"author":[{"embeddable":true,"href":"https:\/\/www.cronacaonline.it\/index.php\/wp-json\/wp\/v2\/users\/2"}],"replies":[{"embeddable":true,"href":"https:\/\/www.cronacaonline.it\/index.php\/wp-json\/wp\/v2\/comments?post=237437"}],"version-history":[{"count":1,"href":"https:\/\/www.cronacaonline.it\/index.php\/wp-json\/wp\/v2\/posts\/237437\/revisions"}],"predecessor-version":[{"id":237438,"href":"https:\/\/www.cronacaonline.it\/index.php\/wp-json\/wp\/v2\/posts\/237437\/revisions\/237438"}],"wp:featuredmedia":[{"embeddable":true,"href":"https:\/\/www.cronacaonline.it\/index.php\/wp-json\/wp\/v2\/media\/191710"}],"wp:attachment":[{"href":"https:\/\/www.cronacaonline.it\/index.php\/wp-json\/wp\/v2\/media?parent=237437"}],"wp:term":[{"taxonomy":"category","embeddable":true,"href":"https:\/\/www.cronacaonline.it\/index.php\/wp-json\/wp\/v2\/categories?post=237437"},{"taxonomy":"post_tag","embeddable":true,"href":"https:\/\/www.cronacaonline.it\/index.php\/wp-json\/wp\/v2\/tags?post=237437"}],"curies":[{"name":"wp","href":"https:\/\/api.w.org\/{rel}","templated":true}]}}