{"id":237404,"date":"2023-06-20T12:13:22","date_gmt":"2023-06-20T10:13:22","guid":{"rendered":"https:\/\/www.cronacaonline.it\/?p=237404"},"modified":"2023-06-20T12:13:25","modified_gmt":"2023-06-20T10:13:25","slug":"aerei-assessore-moro-ita-aggiunge-quattro-voli-sul-cagliari-linate-per-questo-fine-settimana","status":"publish","type":"post","link":"https:\/\/www.cronacaonline.it\/index.php\/2023\/06\/20\/aerei-assessore-moro-ita-aggiunge-quattro-voli-sul-cagliari-linate-per-questo-fine-settimana\/","title":{"rendered":"Aerei, Assessore Moro: Ita aggiunge quattro voli sul Cagliari-Linate per questo fine settimana."},"content":{"rendered":"\n<p>Cagliari, 20 Giu 2023 \u2013\u00a0Ita ha programmato quattro voli addizionali sulla rotta Cagliari-Linate nelle giornate del 24 e 25 giugno. La compagnia aerea ha inoltre confermato l\u2019impegno a incrementare la capacit\u00e0 dei voli nei collegamenti da e per la Sardegna per gestire le criticit\u00e0 che si sono manifestate anche nello scorso fine settimana. Lo comunica l\u2019assessore regionale dei Trasporti, Antonio Moro.<\/p>\n\n\n\n<p>\u201cL\u2019Assessorato e le compagnie aeree che operano nelle tratte della continuit\u00e0 territoriale \u2013 sottolinea l\u2019esponente della Giunta sarda \u2013 sono impegnati a ridurre al minimo il disagio patito dai sardi, soprattutto nelle giornate in cui si registra un sensibile incremento del traffico aereo, nonch\u00e9 a garantire un servizio di trasporto aereo sempre pi\u00f9 efficiente e rispondente alle necessit\u00e0 dei sardi e anche dei turisti\u201d.<\/p>\n\n\n\n<p>\u201cSenza voler nascondere le difficolt\u00e0 e i disagi del sistema del trasporto aereo \u2013 aggiunge l\u2019assessore Moro \u2013 appare per\u00f2 inaccettabile la continua riproposizione di una lamentazione sterile e di atteggiamenti votati al disfattismo che sembrano non tenere conto n\u00e9 della complessit\u00e0 della materia e neppure delle difficolt\u00e0 oggettive che caratterizzano il comparto. Trasformando cos\u00ec una cancellazione di un volo per un evento eccezionale (l\u2019improvvisa chiusura di un aeroporto internazionale) o i disagi conseguenti a uno sciopero, come occasione per scaricare improperi e accuse senza fondamento, per alimentare una polemica politica, priva di contenuti, senza costrutto e soprattutto inutile e dannosa per l\u2019intera Sardegna\u201d.<\/p>\n\n\n\n<p>A questo, dice ancora l\u2019assessore dei Trasporti, \u201csi aggiungono alcune paradossali prese di posizione al livello parlamentare: segnalo da ultima quella della onorevole pentastellata Alessandra Todde che denuncia un fantomatico blocco di fondi destinati agli aiuti sociali. Mentre invece la cifra simbolica stanziata dallo Stato con l\u2019approvazione della legge di stabilit\u00e0 (5 milioni di euro complessivi destinati alla Sardegna e alla Sicilia per garantire un pi\u00f9 efficiente sistema nei collegamenti aerei) \u00e8 contenuta in un decreto del ministero dei Trasporti che, dopo aver accolto alcune indicazioni della Regione Sardegna in ordine alla ripartizione dei fondi, ai soggetti beneficiari e alla modalit\u00e0 di erogazione degli aiuti, \u00e8 all\u2019attenzione del Ministero dell\u2019Economia e delle Finanze per la definitiva emanazione\u201d.<\/p>\n\n\n\n<p>\u201cConfermo inoltre la ferma volont\u00e0 della Regione di procedere nel verso di un nuovo modello sardo del trasporto aereo che veda l\u2019introduzione degli aiuti diretti ai vettori per l\u2019apertura di nuove rotte e l\u2019attivazione degli aiuti sociali, con la contribuzione diretta al passeggero per l\u2019abbattimento del costo del biglietto aereo, a supporto dei cosiddetti oneri di servizio pubblico che caratterizzano la continuit\u00e0 territoriale cos\u00ec come fino a oggi ha trovato applicazione in Sardegna (tariffa residenti, frequenze prestabilite e fasce orarie predeterminate per i collegamenti da e per gli scali sardi verso Roma-Fiumicino e Milano-Linate)\u201d, conclude l\u2019assessore Moro. Com<\/p>\n","protected":false},"excerpt":{"rendered":"<p>Cagliari, 20 Giu 2023 \u2013\u00a0Ita ha programmato quattro voli addizionali sulla rotta Cagliari-Linate nelle giornate del 24 e 25 giugno. La compagnia aerea ha inoltre&#8230;<\/p>\n","protected":false},"author":2,"featured_media":229791,"comment_status":"closed","ping_status":"open","sticky":false,"template":"","format":"standard","meta":[],"categories":[49,52],"tags":[],"_links":{"self":[{"href":"https:\/\/www.cronacaonline.it\/index.php\/wp-json\/wp\/v2\/posts\/237404"}],"collection":[{"href":"https:\/\/www.cronacaonline.it\/index.php\/wp-json\/wp\/v2\/posts"}],"about":[{"href":"https:\/\/www.cronacaonline.it\/index.php\/wp-json\/wp\/v2\/types\/post"}],"author":[{"embeddable":true,"href":"https:\/\/www.cronacaonline.it\/index.php\/wp-json\/wp\/v2\/users\/2"}],"replies":[{"embeddable":true,"href":"https:\/\/www.cronacaonline.it\/index.php\/wp-json\/wp\/v2\/comments?post=237404"}],"version-history":[{"count":1,"href":"https:\/\/www.cronacaonline.it\/index.php\/wp-json\/wp\/v2\/posts\/237404\/revisions"}],"predecessor-version":[{"id":237405,"href":"https:\/\/www.cronacaonline.it\/index.php\/wp-json\/wp\/v2\/posts\/237404\/revisions\/237405"}],"wp:featuredmedia":[{"embeddable":true,"href":"https:\/\/www.cronacaonline.it\/index.php\/wp-json\/wp\/v2\/media\/229791"}],"wp:attachment":[{"href":"https:\/\/www.cronacaonline.it\/index.php\/wp-json\/wp\/v2\/media?parent=237404"}],"wp:term":[{"taxonomy":"category","embeddable":true,"href":"https:\/\/www.cronacaonline.it\/index.php\/wp-json\/wp\/v2\/categories?post=237404"},{"taxonomy":"post_tag","embeddable":true,"href":"https:\/\/www.cronacaonline.it\/index.php\/wp-json\/wp\/v2\/tags?post=237404"}],"curies":[{"name":"wp","href":"https:\/\/api.w.org\/{rel}","templated":true}]}}