{"id":237375,"date":"2023-06-19T16:27:44","date_gmt":"2023-06-19T14:27:44","guid":{"rendered":"https:\/\/www.cronacaonline.it\/?p=237375"},"modified":"2023-06-19T16:27:48","modified_gmt":"2023-06-19T14:27:48","slug":"omerta-silenzi-rinvii-annunci-ecco-la-destra-in-sardegna-quattro-anni-di-nulla-lesi-i-diritti-dei-sardi-dichiarazione-di-silvio-lai-deputato-pd-della-commissione-bilancio-della-camera","status":"publish","type":"post","link":"https:\/\/www.cronacaonline.it\/index.php\/2023\/06\/19\/omerta-silenzi-rinvii-annunci-ecco-la-destra-in-sardegna-quattro-anni-di-nulla-lesi-i-diritti-dei-sardi-dichiarazione-di-silvio-lai-deputato-pd-della-commissione-bilancio-della-camera\/","title":{"rendered":"Omert\u00e0, silenzi, rinvii, annunci: ecco la destra in Sardegna. Quattro anni di nulla. Lesi i diritti dei sardi. Dichiarazione di Silvio Lai, deputato Pd della Commissione bilancio della Camera."},"content":{"rendered":"\n<p>Cagliari, 19 Gen 2023 - \"Al peggio non c'\u00e8 mai fine. Ora, in Sardegna, nel centrodestra si accorgono che le opere viarie che il governo Draghi ha affidato al commissario Presidente Solinas sono tutte ferme a due anni dall'insediamento. La Lega pertanto chiede oggi di commissariare il commissario con la nomina di un sub commissario di stretta osservanza politica oppure, se proprio non si pu\u00f2 fare per ragioni di alleanza elettorale, di affidare il commissariamento ad un tecnico Anas ovvero all'azienda che di fatto ha motivato la nomina di un commissario visti i ritardi decennali nell'affrontare la sistemazione, il completamento e la messa in sicurezza delle strade statali in Sardegna, la Olbia - Sassari su tutte.<\/p>\n\n\n\n<p>Sembra uno scioglilingua ma purtroppo \u00e8 una drammatica realt\u00e0 che conoscono bene anche al ministero delle infrastrutture ma che il ministro Salvini nasconde visto che non risponde nemmeno alle interrogazioni che puntualmente presentiamo da tempo chiedendo gli atti formali del commissario. Almeno per trasparenza dovrebbe farlo, oppure dovrebbe confessare che gli atti non si trovano perch\u00e9 niente \u00e8 stato fatto. Ma noi insisteremo a chiedere perch\u00e9 ci sono tante domande a cui Salvini non risponde, tra tutte una: da dove ha tolto le risorse che mancavano sulla Sassari - Alghero. Quale opera \u00e8 stata sacrificata e perch\u00e9?<\/p>\n\n\n\n<p>E poi, perch\u00e9 qui va bene un presidente commissario da difendere a tutti i costi e in Emilia Romagna no?&nbsp;<\/p>\n\n\n\n<p>Ma il Ministro segretario della Lega non risponder\u00e0 perch\u00e9 c'\u00e8 una ragione superiore che unisce la destra: tra otto mesi ci sono le elezioni regionali e siccome nessuno ha il coraggio di dire che hanno miseramente fallito si tenta di dare la colpa al solo Solinas il quale a sua volta prova a spostare l'attenzione su ci\u00f2 che verr\u00e0 fatto. Sulle carte si annunciano strade, scuole ed ospedali. Da fare utilizzando risorse improbabili in tempi brevissimi quando sono in ritardo su tutto.<\/p>\n\n\n\n<p>Due anni di commissariamento per non fare nulla sulle strade, due anni nei quali si doveva vedere la nuova continuit\u00e0 territoriale e abbiamo la peggiore da quando \u00e8 nata con la norma Attili, due anni nei quali doveva partire la programmazione europea 2021-27 e non \u00e8 partito o speso nulla.<\/p>\n\n\n\n<p>Due anni nei quali doveva partire la nuova sanit\u00e0 e siamo al disastro di reparti chiusi anche in tutta la Regione.<\/p>\n\n\n\n<p>Una paralisi totale e si vantano di non aver speso un miliardo di euro di risorse pubbliche.<\/p>\n\n\n\n<p>Potete provarci a prendere le distanze ma maggioranza e Presidente sono un\u2019unica cosa. Una giunta di destra che da 4 anni lede i diritti dei sardi e danneggia l\u2019economia regionale mettendola tra le ultime in tutte le graduatorie\". Red-<\/p>\n","protected":false},"excerpt":{"rendered":"<p>Cagliari, 19 Gen 2023 &#8211; &#8220;Al peggio non c&#8217;\u00e8 mai fine. Ora, in Sardegna, nel centrodestra si accorgono che le opere viarie che il governo&#8230;<\/p>\n","protected":false},"author":2,"featured_media":226125,"comment_status":"closed","ping_status":"open","sticky":false,"template":"","format":"standard","meta":[],"categories":[49,52],"tags":[],"_links":{"self":[{"href":"https:\/\/www.cronacaonline.it\/index.php\/wp-json\/wp\/v2\/posts\/237375"}],"collection":[{"href":"https:\/\/www.cronacaonline.it\/index.php\/wp-json\/wp\/v2\/posts"}],"about":[{"href":"https:\/\/www.cronacaonline.it\/index.php\/wp-json\/wp\/v2\/types\/post"}],"author":[{"embeddable":true,"href":"https:\/\/www.cronacaonline.it\/index.php\/wp-json\/wp\/v2\/users\/2"}],"replies":[{"embeddable":true,"href":"https:\/\/www.cronacaonline.it\/index.php\/wp-json\/wp\/v2\/comments?post=237375"}],"version-history":[{"count":1,"href":"https:\/\/www.cronacaonline.it\/index.php\/wp-json\/wp\/v2\/posts\/237375\/revisions"}],"predecessor-version":[{"id":237376,"href":"https:\/\/www.cronacaonline.it\/index.php\/wp-json\/wp\/v2\/posts\/237375\/revisions\/237376"}],"wp:featuredmedia":[{"embeddable":true,"href":"https:\/\/www.cronacaonline.it\/index.php\/wp-json\/wp\/v2\/media\/226125"}],"wp:attachment":[{"href":"https:\/\/www.cronacaonline.it\/index.php\/wp-json\/wp\/v2\/media?parent=237375"}],"wp:term":[{"taxonomy":"category","embeddable":true,"href":"https:\/\/www.cronacaonline.it\/index.php\/wp-json\/wp\/v2\/categories?post=237375"},{"taxonomy":"post_tag","embeddable":true,"href":"https:\/\/www.cronacaonline.it\/index.php\/wp-json\/wp\/v2\/tags?post=237375"}],"curies":[{"name":"wp","href":"https:\/\/api.w.org\/{rel}","templated":true}]}}