{"id":237368,"date":"2023-06-19T14:32:23","date_gmt":"2023-06-19T12:32:23","guid":{"rendered":"https:\/\/www.cronacaonline.it\/?p=237368"},"modified":"2023-06-19T15:11:10","modified_gmt":"2023-06-19T13:11:10","slug":"occupazione-mercato-del-lavoro-in-sardegna-in-miglioramento-grazie-alle-performance-delle-donne-nel-primo-trimestre-dellanno","status":"publish","type":"post","link":"https:\/\/www.cronacaonline.it\/index.php\/2023\/06\/19\/occupazione-mercato-del-lavoro-in-sardegna-in-miglioramento-grazie-alle-performance-delle-donne-nel-primo-trimestre-dellanno\/","title":{"rendered":"Occupazione, mercato del lavoro in Sardegna in miglioramento grazie alle performance delle donne nel primo trimestre dell\u2019anno."},"content":{"rendered":"\n<p>Cagliari, 19 Giu 2023\u00a0\u2013 Il mercato del lavoro in Sardegna risulta in miglioramento nel primo trimestre dell\u2019anno rispetto allo stesso periodo del 2022, condizionato in positivo dall\u2019occupazione femminile che migliora al punto da compensare il risultato del lavoro maschile. In Sardegna, secondo l\u2019elaborazione dell\u2019Ufficio di Statistica della Regione sulla base dei dati Istat -rilevazione sulle forze di lavoro, si registra un aumento della forza lavoro che passa da 628 mila del primo trimestre 2022 a 636,3 mila del primo trimestre 2023, con una variazione dell\u20191,3%. Il dato \u00e8 trainato interamente dall\u2019aumento della forza lavoro femminile, mentre quella maschile resta sostanzialmente immutata.<\/p>\n\n\n\n<p>L\u2019ingresso di nuova forza di lavoro nel mercato \u00e8 un segnale positivo perch\u00e9 coincide con una diminuzione degli inattivi (il tasso per la Sardegna passa da 39% a 38,1%, ancora distante rispetto alla performance nazionale ma comunque in miglioramento), ovvero coloro che tipicamente restano fuori dal mercato del lavoro o perch\u00e9 scoraggiati o perch\u00e9 NEET (giovani inattivi, non occupati, che non studiano e non seguono corsi di formazione).<\/p>\n\n\n\n<p>\u201cFavorire l\u2019occupazione femminile mettendo al servizio della societ\u00e0 sarda quelle misure in grado di conciliare la vita familiare con quella lavorativa sostenendo quell\u2019equilibrio difficile che spesso porta le donne ad abbandonare il lavoro \u00e8 un obiettivo importante che come Giunta regionale consideriamo una priorit\u00e0 \u2013 spiega il Presidente della Regione\u201d.<\/p>\n\n\n\n<p>I disoccupati in Sardegna diminuiscono del -5,2%, passando da 81,6 mila del primo trimestre 2022 a 77,4 mila del primo trimestre 2023. Le dinamiche maschile e femminile sono per\u00f2 di segno opposto. \u00c8 infatti grazie all\u2019importante contrazione della disoccupazione femminile (-29,2%) che nell\u2019isola la disoccupazione nel complesso cala, mentre la disoccupazione maschile risulta in aumento. Il dato \u00e8 significativo: rispetto al Mezzogiorno (+4%) e all\u2019Italia (-3,5%) la Sardegna mostra la diminuzione tendenziale pi\u00f9 marcata.<\/p>\n\n\n\n<p>Come conseguenza il tasso di disoccupazione in Sardegna passa dal 13% del primo trimestre 2022 al 12,2% del primo trimestre 2023, come detto grazie al calo della disoccupazione femminile (tasso da 16% all\u201911%). Entrando ancora pi\u00f9 nel dettaglio, il tasso di disoccupazione femminile nel I-23 \u00e8 pi\u00f9 basso di quello maschile (13,1%).<\/p>\n\n\n\n<p>L\u2019occupazione in Sardegna cresce da 546,4 mila del primo trimestre 2022 a 558,9 mila del primo trimestre 2023, con una variazione percentuale complessiva del +2,3%. Anche in questo caso \u00e8 grazie alla componente femminile (+9,0%) che nell\u2019isola si registra una dinamica positiva, mentre la componente maschile segna il passo con un -2,6%. Rispetto al Mezzogiorno la crescita degli occupati in Sardegna \u00e8 inferiore a quella registrata nel Mezzogiorno (+3,1%) e in linea con quella nazionale (+2,3%). La crescita della componente femminile (da 44,9% a 49,2%) porta a un aumento del tasso di occupazione complessivo della Sardegna da 52,9% a 54,3% (il tasso di occupazione maschile registra un calo, passando da 60,8% a 59,3%). <\/p>\n\n\n\n<p>\u201cIl lavoro rappresenta la dimensione fondamentale per la vita di ogni uomo e di ogni donna, un diritto sacrosanto che abbiamo il dovere di difendere per costruire una societ\u00e0 migliore, inclusiva e giusta \u2013 ha concluso il presidente della Sardegna. Com<\/p>\n\n\n\n<p><\/p>\n","protected":false},"excerpt":{"rendered":"<p>Cagliari, 19 Giu 2023\u00a0\u2013 Il mercato del lavoro in Sardegna risulta in miglioramento nel primo trimestre dell\u2019anno rispetto allo stesso periodo del 2022, condizionato in&#8230;<\/p>\n","protected":false},"author":2,"featured_media":225040,"comment_status":"closed","ping_status":"open","sticky":false,"template":"","format":"standard","meta":[],"categories":[49,52],"tags":[],"_links":{"self":[{"href":"https:\/\/www.cronacaonline.it\/index.php\/wp-json\/wp\/v2\/posts\/237368"}],"collection":[{"href":"https:\/\/www.cronacaonline.it\/index.php\/wp-json\/wp\/v2\/posts"}],"about":[{"href":"https:\/\/www.cronacaonline.it\/index.php\/wp-json\/wp\/v2\/types\/post"}],"author":[{"embeddable":true,"href":"https:\/\/www.cronacaonline.it\/index.php\/wp-json\/wp\/v2\/users\/2"}],"replies":[{"embeddable":true,"href":"https:\/\/www.cronacaonline.it\/index.php\/wp-json\/wp\/v2\/comments?post=237368"}],"version-history":[{"count":2,"href":"https:\/\/www.cronacaonline.it\/index.php\/wp-json\/wp\/v2\/posts\/237368\/revisions"}],"predecessor-version":[{"id":237371,"href":"https:\/\/www.cronacaonline.it\/index.php\/wp-json\/wp\/v2\/posts\/237368\/revisions\/237371"}],"wp:featuredmedia":[{"embeddable":true,"href":"https:\/\/www.cronacaonline.it\/index.php\/wp-json\/wp\/v2\/media\/225040"}],"wp:attachment":[{"href":"https:\/\/www.cronacaonline.it\/index.php\/wp-json\/wp\/v2\/media?parent=237368"}],"wp:term":[{"taxonomy":"category","embeddable":true,"href":"https:\/\/www.cronacaonline.it\/index.php\/wp-json\/wp\/v2\/categories?post=237368"},{"taxonomy":"post_tag","embeddable":true,"href":"https:\/\/www.cronacaonline.it\/index.php\/wp-json\/wp\/v2\/tags?post=237368"}],"curies":[{"name":"wp","href":"https:\/\/api.w.org\/{rel}","templated":true}]}}