{"id":237318,"date":"2023-06-17T16:09:28","date_gmt":"2023-06-17T14:09:28","guid":{"rendered":"https:\/\/www.cronacaonline.it\/?p=237318"},"modified":"2023-06-17T16:09:31","modified_gmt":"2023-06-17T14:09:31","slug":"dichiarazione-di-silvio-lai-deputato-pd-della-commissione-bilancio-della-camera-2","status":"publish","type":"post","link":"https:\/\/www.cronacaonline.it\/index.php\/2023\/06\/17\/dichiarazione-di-silvio-lai-deputato-pd-della-commissione-bilancio-della-camera-2\/","title":{"rendered":"Dichiarazione di Silvio Lai, deputato Pd della Commissione bilancio della Camera."},"content":{"rendered":"\n<p>Sassari, 17 Giu 2023 - \"Solinas come mago Zurli. A ripetizione dal suo cilindro escono, in questi giorni, nuovi progetti per scuole, ospedali e strade che in oltre quattro anni ha sistematicamente ignorato e che ora annuncia a otto mesi dalle elezioni.<\/p>\n\n\n\n<p>Se non fossero questioni serie \u2013 dichiara il deputato sassarese Silvio Lai del Pd - che attraversano la vita dei cittadini verrebbe da ridere. Ma non ci permettiamo proprio perch\u00e9 pensiamo a quelle persone alle quali non sono stati garantiti i diritti primari all'istruzione, alla salute e alla mobilit\u00e0. Il presidente della Sardegna riscopre ora, nelle sue sortite da prestigiatore, che c'\u00e8 da completare la strada Sassari Alghero noncurante del fatto che da settembre del 2021 \u00e8 commissario straordinario, nominato dal governo, alla mobilit\u00e0 viaria della Sardegna.<\/p>\n\n\n\n<p>Ora ha fretta, - aggiunge Lai - vorrebbe fare partire i lavori e lo annuncia urbi et orbis utilizzando le sale della Prefettura in una riunione convocata dal Prefetto Dess\u00ec al quale hanno partecipato, come riportano i giornali, tre parlamentari del centrodestra. Chi li ha invitati? E perch\u00e9 non tutti i parlamentari dell'area interessata? Sarebbe grave se l'invito fosse partito dalla Prefettura, luogo istituzionale, \u00e8 bene ricordarlo, che rappresenta lo Stato sul territorio e non certo questa o quella fazione politica. La prefetto Dess\u00ec avr\u00e0 certamente modo di chiarirlo. Non vorremmo ricorrere all'utilizzo del sindacato ispettivo in Parlamento\". Red<\/p>\n","protected":false},"excerpt":{"rendered":"<p>Sassari, 17 Giu 2023 &#8211; &#8220;Solinas come mago Zurli. A ripetizione dal suo cilindro escono, in questi giorni, nuovi progetti per scuole, ospedali e strade&#8230;<\/p>\n","protected":false},"author":2,"featured_media":236888,"comment_status":"closed","ping_status":"open","sticky":false,"template":"","format":"standard","meta":[],"categories":[49,52],"tags":[],"_links":{"self":[{"href":"https:\/\/www.cronacaonline.it\/index.php\/wp-json\/wp\/v2\/posts\/237318"}],"collection":[{"href":"https:\/\/www.cronacaonline.it\/index.php\/wp-json\/wp\/v2\/posts"}],"about":[{"href":"https:\/\/www.cronacaonline.it\/index.php\/wp-json\/wp\/v2\/types\/post"}],"author":[{"embeddable":true,"href":"https:\/\/www.cronacaonline.it\/index.php\/wp-json\/wp\/v2\/users\/2"}],"replies":[{"embeddable":true,"href":"https:\/\/www.cronacaonline.it\/index.php\/wp-json\/wp\/v2\/comments?post=237318"}],"version-history":[{"count":1,"href":"https:\/\/www.cronacaonline.it\/index.php\/wp-json\/wp\/v2\/posts\/237318\/revisions"}],"predecessor-version":[{"id":237319,"href":"https:\/\/www.cronacaonline.it\/index.php\/wp-json\/wp\/v2\/posts\/237318\/revisions\/237319"}],"wp:featuredmedia":[{"embeddable":true,"href":"https:\/\/www.cronacaonline.it\/index.php\/wp-json\/wp\/v2\/media\/236888"}],"wp:attachment":[{"href":"https:\/\/www.cronacaonline.it\/index.php\/wp-json\/wp\/v2\/media?parent=237318"}],"wp:term":[{"taxonomy":"category","embeddable":true,"href":"https:\/\/www.cronacaonline.it\/index.php\/wp-json\/wp\/v2\/categories?post=237318"},{"taxonomy":"post_tag","embeddable":true,"href":"https:\/\/www.cronacaonline.it\/index.php\/wp-json\/wp\/v2\/tags?post=237318"}],"curies":[{"name":"wp","href":"https:\/\/api.w.org\/{rel}","templated":true}]}}