{"id":237314,"date":"2023-06-17T10:55:57","date_gmt":"2023-06-17T08:55:57","guid":{"rendered":"https:\/\/www.cronacaonline.it\/?p=237314"},"modified":"2023-06-17T10:56:00","modified_gmt":"2023-06-17T08:56:00","slug":"sanita-in-sardegna-carla-cuccu-idea-sardegna-soldi-pubblici-per-un-salvadanaio-privato","status":"publish","type":"post","link":"https:\/\/www.cronacaonline.it\/index.php\/2023\/06\/17\/sanita-in-sardegna-carla-cuccu-idea-sardegna-soldi-pubblici-per-un-salvadanaio-privato\/","title":{"rendered":"Sanit\u00e0 in Sardegna &#8211; Carla Cuccu (Idea Sardegna) \u2018 soldi pubblici per un salvadanaio privato \u2019."},"content":{"rendered":"\n<p>Cagliari, 16 Giu 2023 \u2013 \u201cIl sistema sanitario si presenta oggi per la Sardegna particolarmente articolato, complesso e altres\u00ec diversificato. \u00c8 verissimo ed oggettivo. Le intenzioni politiche invece? Sono sempre chiare, precise e puntuali, obiettivo unico, demolire la sanit\u00e0 pubblica, in favore forse di una privata, e abbandonare i pazienti sardi\u201d.<\/p>\n\n\n\n<p>\u201c\u00c8 di queste ultime ore la notizia sull\u2019ampliamento del Brotzu di Cagliari e di come l\u2019assessore Doria abbia tuonato in modo secco. Un progetto tra l\u2019altro gi\u00e0 partito che mette in luce come non ci sia una visione continua in Regione. Un progetto che si vuole bloccare. Secondo il nostro assessore non avrebbe senso investire soldi pubblici, dato che sono ospedali, Brotzu e Businco, che a breve andranno in pensione\u2026 Esiste uno studio di fattibilit\u00e0, creato e pubblicato nel 2021, che esclude chiaramente la possibilit\u00e0 di realizzare questo tipo di iniziative. Perch\u00e9 spendere nuovamente soldi dei contribuenti?\u201d<\/p>\n\n\n\n<p>Questo significa bloccare tutti gli investimenti gi\u00e0 programmati, i soldi spesi per la progettazione e gli studi di fattibilit\u00e0. Mentre si continua a parlare di grandi centri regionali, le nostre eccellenze le stanno facendo andare in rovina. Parlo di oncologia, dove i nostri cittadini sono costretti ad andarsene oltre tirreno per le cure. Parlo dei centri trapianti, del microcitemico e di tutti quei reparti, come la neuroriabilitazione del Brotzu e la neuropsichiatria infantile dei vari nosocomi sardi che, nei singoli territori hanno creato legami e credibilit\u00e0 con le persone, con la gente reale e comune. Di certo non con i grandi politici.<\/p>\n\n\n\n<p>Nei mesi scorsi, ho presentato un\u2019interrogazione sugli oltre 200 milioni di euro che il Ministero della salute, gi\u00e0 da anni, ha messo a disposizione della regione Sardegna da destinare all'edilizia sanitaria. Ad oggi non risulta che dall'assessorato regionale alla sanit\u00e0 e politiche sociali abbiano perfezionato l'iter per entrarne in possesso.<\/p>\n\n\n\n<p>\u201cMi voglio dissociare pubblicamente anche dalle parole del neoeletto sindaco di Iglesias Mauro Usai. Abbiamo combattuto insieme per anni perch\u00e9 l\u2019ospedale unico non ci fosse. Oggi sulla stampa leggo il contrario. Continuer\u00f2 questa battaglia anche da sola. Non \u00e8 possibile pensare a interessi politici, e lasciare a casa, nello sconforto psicologico, migliaia di cittadini e pazienti che giustamente si curano ed hanno riferimenti ad Iglesias. Non \u00e8 possibile pensare di unire Iglesias e Carbonia e non mi stancher\u00f2 mai di dirlo. Come pensano che i malati possano recarsi nell'ospedale del Sirai o dell'ipotetico e fantomatico ospedale unico, se ogni 2 o 3 settimane muore qualcuno nella Strada Provinciale 2?<br>Perch\u00e9 non potenziano di risorse umane il Cto di Iglesias dato che \u00e8 un ospedale con blocchi operatori, reparti, pronto soccorso, riabilitazione, ambulatorio analisi recentemente ristrutturati e perfettamente a norma essendo un fiore all'occhiello della sanit\u00e0 regionale peraltro facilmente raggiungibile percorrendo la SS 130 e con gli innesti per la 131?<\/p>\n\n\n\n<p>\u201c\u00c8, infine, confermata la notizia della Corte dei Conti. I milioni che dovevano servire a snellire le liste d\u2019attesa per permettere ai sardi di potersi curare col servizio sanitario pubblico, non sono stati spesi, e qualcuno doveva adoperarsi e farlo. E dunque, sono irrimediabilmente persi. Voglio rendervi partecipe dei numeri precisi. Abbiamo perso oltre 9 milioni di euro per le liste d\u2019attesa\u201d. Com<\/p>\n","protected":false},"excerpt":{"rendered":"<p>Cagliari, 16 Giu 2023 \u2013 \u201cIl sistema sanitario si presenta oggi per la Sardegna particolarmente articolato, complesso e altres\u00ec diversificato. \u00c8 verissimo ed oggettivo. Le&#8230;<\/p>\n","protected":false},"author":2,"featured_media":236153,"comment_status":"closed","ping_status":"open","sticky":false,"template":"","format":"standard","meta":[],"categories":[49,52],"tags":[],"_links":{"self":[{"href":"https:\/\/www.cronacaonline.it\/index.php\/wp-json\/wp\/v2\/posts\/237314"}],"collection":[{"href":"https:\/\/www.cronacaonline.it\/index.php\/wp-json\/wp\/v2\/posts"}],"about":[{"href":"https:\/\/www.cronacaonline.it\/index.php\/wp-json\/wp\/v2\/types\/post"}],"author":[{"embeddable":true,"href":"https:\/\/www.cronacaonline.it\/index.php\/wp-json\/wp\/v2\/users\/2"}],"replies":[{"embeddable":true,"href":"https:\/\/www.cronacaonline.it\/index.php\/wp-json\/wp\/v2\/comments?post=237314"}],"version-history":[{"count":1,"href":"https:\/\/www.cronacaonline.it\/index.php\/wp-json\/wp\/v2\/posts\/237314\/revisions"}],"predecessor-version":[{"id":237315,"href":"https:\/\/www.cronacaonline.it\/index.php\/wp-json\/wp\/v2\/posts\/237314\/revisions\/237315"}],"wp:featuredmedia":[{"embeddable":true,"href":"https:\/\/www.cronacaonline.it\/index.php\/wp-json\/wp\/v2\/media\/236153"}],"wp:attachment":[{"href":"https:\/\/www.cronacaonline.it\/index.php\/wp-json\/wp\/v2\/media?parent=237314"}],"wp:term":[{"taxonomy":"category","embeddable":true,"href":"https:\/\/www.cronacaonline.it\/index.php\/wp-json\/wp\/v2\/categories?post=237314"},{"taxonomy":"post_tag","embeddable":true,"href":"https:\/\/www.cronacaonline.it\/index.php\/wp-json\/wp\/v2\/tags?post=237314"}],"curies":[{"name":"wp","href":"https:\/\/api.w.org\/{rel}","templated":true}]}}