{"id":237299,"date":"2023-06-16T17:13:36","date_gmt":"2023-06-16T15:13:36","guid":{"rendered":"https:\/\/www.cronacaonline.it\/?p=237299"},"modified":"2023-06-16T17:13:38","modified_gmt":"2023-06-16T15:13:38","slug":"nord-ovest-incontro-in-prefettura-4-corsie-sassari-alghero-pais-dopo-30-anni-vedra-finalmente-la-luce","status":"publish","type":"post","link":"https:\/\/www.cronacaonline.it\/index.php\/2023\/06\/16\/nord-ovest-incontro-in-prefettura-4-corsie-sassari-alghero-pais-dopo-30-anni-vedra-finalmente-la-luce\/","title":{"rendered":"Nord ovest, incontro in prefettura, 4 corsie Sassari-Alghero, Pais: &#8220;dopo 30 anni vedr\u00e0 finalmente la luce&#8221;."},"content":{"rendered":"\n<p>Sassari, 16 Giu 2023 - Si \u00e8 riunito questa mattina, nella sede della Prefettura di Sassari, il tavolo operativo sulla \"4 corsie Sassari-Alghero\". Alla riunione, coordinata dal Prefetto Paola Dess\u00ec e presieduta dal presidente della Commissione Ambiente e Infrastrutture della Camera dei Deputati, Mauro Rotelli, hanno partecipato il presidente del Consiglio regionale Michele Pais, l'Assessore regionale Pierluigi Saiu, delegato del Presidente della Sardegna, i Sindaci di Sassari e Alghero Gian Vittorio Campus e Mario Conoci, il Commissario provinciale Pietrino Fois, e i parlamentari Antonella Zedda, Barbara Polo e Gianni Lampis. Per l'Anas era presente il Responsabile Area Gestione Rete Nord Sardegna, Ing. Salvatore Campione.<\/p>\n\n\n\n<p>\u201cIl progetto esecutivo \u00e8 pronto, validato e approvato. La copertura finanziaria di 232 milioni di euro c'\u00e8. Ora bisogna velocizzare al massimo le procedure per la gara, unendo i due lotti in un unico appalto\". - Cos\u00ec il presidente Pais al termine dell'incontro in Piazza d'Italia.<br>\"L'Anas ha assicurato massima speditezza nelle procedure, entro luglio verr\u00e0 adeguato il bando al nuovo codice degli appalti e contestualmente verr\u00e0 bandita una procedura aperta di respiro internazionale, ed entro sei mesi dalla pubblicazione del bando si potr\u00e0 addivenire ad aggiudicazione efficace, cio\u00e8 tutti i requisiti dovranno essere verificati e i lavori dovranno partire\".<br>\"La storia della strada statale 291, Sassari-Alghero, \u00e8 lunga pi\u00f9 di 30 anni. Cominciata alla fine degli anni '80 ha attraversato governi regionali di tutte le parti politiche, della Prima e della Seconda Repubblica. Ora, grazie alla Giunta regionale, a questa maggioranza, e al Ministro delle infrastrutture Salvini vedr\u00e0 finalmente la luce\", ha concluso Pais. Com<\/p>\n","protected":false},"excerpt":{"rendered":"<p>Sassari, 16 Giu 2023 &#8211; Si \u00e8 riunito questa mattina, nella sede della Prefettura di Sassari, il tavolo operativo sulla &#8220;4 corsie Sassari-Alghero&#8221;. Alla riunione,&#8230;<\/p>\n","protected":false},"author":2,"featured_media":237300,"comment_status":"closed","ping_status":"open","sticky":false,"template":"","format":"standard","meta":[],"categories":[49,52],"tags":[],"_links":{"self":[{"href":"https:\/\/www.cronacaonline.it\/index.php\/wp-json\/wp\/v2\/posts\/237299"}],"collection":[{"href":"https:\/\/www.cronacaonline.it\/index.php\/wp-json\/wp\/v2\/posts"}],"about":[{"href":"https:\/\/www.cronacaonline.it\/index.php\/wp-json\/wp\/v2\/types\/post"}],"author":[{"embeddable":true,"href":"https:\/\/www.cronacaonline.it\/index.php\/wp-json\/wp\/v2\/users\/2"}],"replies":[{"embeddable":true,"href":"https:\/\/www.cronacaonline.it\/index.php\/wp-json\/wp\/v2\/comments?post=237299"}],"version-history":[{"count":1,"href":"https:\/\/www.cronacaonline.it\/index.php\/wp-json\/wp\/v2\/posts\/237299\/revisions"}],"predecessor-version":[{"id":237301,"href":"https:\/\/www.cronacaonline.it\/index.php\/wp-json\/wp\/v2\/posts\/237299\/revisions\/237301"}],"wp:featuredmedia":[{"embeddable":true,"href":"https:\/\/www.cronacaonline.it\/index.php\/wp-json\/wp\/v2\/media\/237300"}],"wp:attachment":[{"href":"https:\/\/www.cronacaonline.it\/index.php\/wp-json\/wp\/v2\/media?parent=237299"}],"wp:term":[{"taxonomy":"category","embeddable":true,"href":"https:\/\/www.cronacaonline.it\/index.php\/wp-json\/wp\/v2\/categories?post=237299"},{"taxonomy":"post_tag","embeddable":true,"href":"https:\/\/www.cronacaonline.it\/index.php\/wp-json\/wp\/v2\/tags?post=237299"}],"curies":[{"name":"wp","href":"https:\/\/api.w.org\/{rel}","templated":true}]}}