{"id":237252,"date":"2023-06-15T19:53:17","date_gmt":"2023-06-15T17:53:17","guid":{"rendered":"https:\/\/www.cronacaonline.it\/?p=237252"},"modified":"2023-06-15T19:53:20","modified_gmt":"2023-06-15T17:53:20","slug":"miniera-tres-montis-lassessore-pili-la-prossima-settimana-incontra-i-sindacati","status":"publish","type":"post","link":"https:\/\/www.cronacaonline.it\/index.php\/2023\/06\/15\/miniera-tres-montis-lassessore-pili-la-prossima-settimana-incontra-i-sindacati\/","title":{"rendered":"Miniera Tres Montis, l\u2019assessore Pili la prossima settimana incontra i sindacati."},"content":{"rendered":"\n<p>Cagliari, 15 Giu 2023\u00a0- L\u2019Assessorato dell\u2019industria tiene alta l\u2019attenzione sulla necessit\u00e0 di garantire stabilit\u00e0 e dare certezze ai lavoratori della miniera Tres Montis. A questo proposito \u00e8 stato convocato dall\u2019Assessore dell\u2019Industria, Anita Pili, per mercoled\u00ec 21 giugno alle ore 10 presso l\u2019Assessorato l\u2019incontro con i sindacati.<\/p>\n\n\n\n<p>\u201cDeve essere chiara l\u2019intenzione da parte della Giunta di tutelare i lavoratori - spiega l\u2019Assessore Pili - ed \u00e8 per questo che abbiamo individuato come exit strategy la possibilit\u00e0 per il personale che non verr\u00e0 ingaggiato dal nuovo concessionario di essere impiegato dalla Societ\u00e0&nbsp;Igea nelle aree minerarie dismesse di competenza della societ\u00e0 Igea, presenti in aree limitrofe a quelle dei territori comunali di Silius e San Basilio. Siamo aperti al dialogo e al confronto con le parti sindacali convocate mercoled\u00ec prossimo, sar\u00e0 quella - ha concluso l\u2019Assessore - l\u2019occasione per fare un bilancio della situazione \u00e8 tracciare le linee di una seria programmazione che tenga in considerazione e valorizzi le competenze e il lavoro di chi fino a oggi \u00e8 stato impiegato nella miniera&nbsp;Tres&nbsp;Montis\u201d. Com<\/p>\n","protected":false},"excerpt":{"rendered":"<p>Cagliari, 15 Giu 2023\u00a0&#8211; L\u2019Assessorato dell\u2019industria tiene alta l\u2019attenzione sulla necessit\u00e0 di garantire stabilit\u00e0 e dare certezze ai lavoratori della miniera Tres Montis. A questo&#8230;<\/p>\n","protected":false},"author":2,"featured_media":236937,"comment_status":"closed","ping_status":"open","sticky":false,"template":"","format":"standard","meta":[],"categories":[49,52],"tags":[],"_links":{"self":[{"href":"https:\/\/www.cronacaonline.it\/index.php\/wp-json\/wp\/v2\/posts\/237252"}],"collection":[{"href":"https:\/\/www.cronacaonline.it\/index.php\/wp-json\/wp\/v2\/posts"}],"about":[{"href":"https:\/\/www.cronacaonline.it\/index.php\/wp-json\/wp\/v2\/types\/post"}],"author":[{"embeddable":true,"href":"https:\/\/www.cronacaonline.it\/index.php\/wp-json\/wp\/v2\/users\/2"}],"replies":[{"embeddable":true,"href":"https:\/\/www.cronacaonline.it\/index.php\/wp-json\/wp\/v2\/comments?post=237252"}],"version-history":[{"count":1,"href":"https:\/\/www.cronacaonline.it\/index.php\/wp-json\/wp\/v2\/posts\/237252\/revisions"}],"predecessor-version":[{"id":237253,"href":"https:\/\/www.cronacaonline.it\/index.php\/wp-json\/wp\/v2\/posts\/237252\/revisions\/237253"}],"wp:featuredmedia":[{"embeddable":true,"href":"https:\/\/www.cronacaonline.it\/index.php\/wp-json\/wp\/v2\/media\/236937"}],"wp:attachment":[{"href":"https:\/\/www.cronacaonline.it\/index.php\/wp-json\/wp\/v2\/media?parent=237252"}],"wp:term":[{"taxonomy":"category","embeddable":true,"href":"https:\/\/www.cronacaonline.it\/index.php\/wp-json\/wp\/v2\/categories?post=237252"},{"taxonomy":"post_tag","embeddable":true,"href":"https:\/\/www.cronacaonline.it\/index.php\/wp-json\/wp\/v2\/tags?post=237252"}],"curies":[{"name":"wp","href":"https:\/\/api.w.org\/{rel}","templated":true}]}}