{"id":237248,"date":"2023-06-15T17:58:14","date_gmt":"2023-06-15T15:58:14","guid":{"rendered":"https:\/\/www.cronacaonline.it\/?p=237248"},"modified":"2023-06-15T17:58:17","modified_gmt":"2023-06-15T15:58:17","slug":"consiglio-sardegna-commissione-trasporti-audizione-dellassessore-sul-dl-384","status":"publish","type":"post","link":"https:\/\/www.cronacaonline.it\/index.php\/2023\/06\/15\/consiglio-sardegna-commissione-trasporti-audizione-dellassessore-sul-dl-384\/","title":{"rendered":"Consiglio Sardegna &#8211; Commissione Trasporti: audizione dell\u2019assessore sul Dl 384."},"content":{"rendered":"\n<p>Cagliari, 15 Giu 2023 \u2013 La commissione Trasporti, presieduta da Giuseppe Talanas (Forza Italia) ha ascoltato l\u2019assessore dei Traporti Antonio Moro che ha illustrato il Disegno di legge n.384 sul potenziamento dei voli da e per la Sardegna.<\/p>\n\n\n\n<p>Si tratta, ha affermato Moro, di uno strumento normativo coerente con la legislazione comunitaria e gi\u00e0 sperimentato con successo in molte realt\u00e0, che incentiva i vettori ad istituire nuovi collegamenti nazionali ed internazionali con la Sardegna, sui quali ci sar\u00e0 la riduzione dei costi aeroportuali fino ad un massimo del 50%.<\/p>\n\n\n\n<p>Le compagnie, ha proseguito, potranno usufruire dei costi agevolati dagli aeroporti di Cagliari, Olbia ed Alghero ma dovranno garantire le nuove rotte per almeno 3 anni, non a frequenza stagionale ma distribuita nell\u2019arco dei 12 mesi, in base ai criteri definiti con una delibera di Giunta ed un successivo bando pubblico.<\/p>\n\n\n\n<p>Per quanto riguarda la dotazione finanziaria, proveniente dai ribassi d\u2019asta della continuit\u00e0 territoriale, \u00e8 secondo l\u2019assessore \u201cimportante\u201d perch\u00e9 nel complesso prevede la spesa di 25 milioni di euro fino al 2025 e potrebbe attivare una decina di nuovi collegamenti a medio raggio con notevoli risparmi per le compagnie, evitando inoltre il congestionamento degli \u201chub\u201d principali di Roma e Milano.<\/p>\n\n\n\n<p>Nel dibattito hanno preso la parola i consiglieri regionali Valter Piscedda del Pd, Maria Laura Orr\u00f9 di Alleanza europa verde e Roberto Li Gioi del M5S. Com<\/p>\n","protected":false},"excerpt":{"rendered":"<p>Cagliari, 15 Giu 2023 \u2013 La commissione Trasporti, presieduta da Giuseppe Talanas (Forza Italia) ha ascoltato l\u2019assessore dei Traporti Antonio Moro che ha illustrato il&#8230;<\/p>\n","protected":false},"author":2,"featured_media":192512,"comment_status":"closed","ping_status":"open","sticky":false,"template":"","format":"standard","meta":[],"categories":[49,52],"tags":[],"_links":{"self":[{"href":"https:\/\/www.cronacaonline.it\/index.php\/wp-json\/wp\/v2\/posts\/237248"}],"collection":[{"href":"https:\/\/www.cronacaonline.it\/index.php\/wp-json\/wp\/v2\/posts"}],"about":[{"href":"https:\/\/www.cronacaonline.it\/index.php\/wp-json\/wp\/v2\/types\/post"}],"author":[{"embeddable":true,"href":"https:\/\/www.cronacaonline.it\/index.php\/wp-json\/wp\/v2\/users\/2"}],"replies":[{"embeddable":true,"href":"https:\/\/www.cronacaonline.it\/index.php\/wp-json\/wp\/v2\/comments?post=237248"}],"version-history":[{"count":1,"href":"https:\/\/www.cronacaonline.it\/index.php\/wp-json\/wp\/v2\/posts\/237248\/revisions"}],"predecessor-version":[{"id":237249,"href":"https:\/\/www.cronacaonline.it\/index.php\/wp-json\/wp\/v2\/posts\/237248\/revisions\/237249"}],"wp:featuredmedia":[{"embeddable":true,"href":"https:\/\/www.cronacaonline.it\/index.php\/wp-json\/wp\/v2\/media\/192512"}],"wp:attachment":[{"href":"https:\/\/www.cronacaonline.it\/index.php\/wp-json\/wp\/v2\/media?parent=237248"}],"wp:term":[{"taxonomy":"category","embeddable":true,"href":"https:\/\/www.cronacaonline.it\/index.php\/wp-json\/wp\/v2\/categories?post=237248"},{"taxonomy":"post_tag","embeddable":true,"href":"https:\/\/www.cronacaonline.it\/index.php\/wp-json\/wp\/v2\/tags?post=237248"}],"curies":[{"name":"wp","href":"https:\/\/api.w.org\/{rel}","templated":true}]}}