{"id":237246,"date":"2023-06-15T14:52:31","date_gmt":"2023-06-15T12:52:31","guid":{"rendered":"https:\/\/www.cronacaonline.it\/?p=237246"},"modified":"2023-06-15T14:52:33","modified_gmt":"2023-06-15T12:52:33","slug":"consiglio-sardegna-collegato-alla-finanziaria-da-mercoledi-21-giugno-in-aula","status":"publish","type":"post","link":"https:\/\/www.cronacaonline.it\/index.php\/2023\/06\/15\/consiglio-sardegna-collegato-alla-finanziaria-da-mercoledi-21-giugno-in-aula\/","title":{"rendered":"Consiglio Sardegna &#8211; Collegato alla Finanziaria da mercoled\u00ec 21 giugno in Aula."},"content":{"rendered":"\n<p>Cagliari, 15 Giu 2023 \u2013 Il collegato alla Finanziaria entrer\u00e0 in aula mercoled\u00ec 21 giugno alle ore 10. Lo ha deciso la Conferenza dei Capigruppo riunita questa mattina alle 13 sotto la presidenza del Presidente Michele Pais.<\/p>\n\n\n\n<p>Come chiesto dalle opposizioni marted\u00ec 20 giugno alle 17 la Conferenza dei Capigruppo incontrer\u00e0 una delegazione dei sindacati del settore Sanit\u00e0. Com<\/p>\n","protected":false},"excerpt":{"rendered":"<p>Cagliari, 15 Giu 2023 \u2013 Il collegato alla Finanziaria entrer\u00e0 in aula mercoled\u00ec 21 giugno alle ore 10. Lo ha deciso la Conferenza dei Capigruppo&#8230;<\/p>\n","protected":false},"author":2,"featured_media":211603,"comment_status":"closed","ping_status":"open","sticky":false,"template":"","format":"standard","meta":[],"categories":[49,52],"tags":[],"_links":{"self":[{"href":"https:\/\/www.cronacaonline.it\/index.php\/wp-json\/wp\/v2\/posts\/237246"}],"collection":[{"href":"https:\/\/www.cronacaonline.it\/index.php\/wp-json\/wp\/v2\/posts"}],"about":[{"href":"https:\/\/www.cronacaonline.it\/index.php\/wp-json\/wp\/v2\/types\/post"}],"author":[{"embeddable":true,"href":"https:\/\/www.cronacaonline.it\/index.php\/wp-json\/wp\/v2\/users\/2"}],"replies":[{"embeddable":true,"href":"https:\/\/www.cronacaonline.it\/index.php\/wp-json\/wp\/v2\/comments?post=237246"}],"version-history":[{"count":1,"href":"https:\/\/www.cronacaonline.it\/index.php\/wp-json\/wp\/v2\/posts\/237246\/revisions"}],"predecessor-version":[{"id":237247,"href":"https:\/\/www.cronacaonline.it\/index.php\/wp-json\/wp\/v2\/posts\/237246\/revisions\/237247"}],"wp:featuredmedia":[{"embeddable":true,"href":"https:\/\/www.cronacaonline.it\/index.php\/wp-json\/wp\/v2\/media\/211603"}],"wp:attachment":[{"href":"https:\/\/www.cronacaonline.it\/index.php\/wp-json\/wp\/v2\/media?parent=237246"}],"wp:term":[{"taxonomy":"category","embeddable":true,"href":"https:\/\/www.cronacaonline.it\/index.php\/wp-json\/wp\/v2\/categories?post=237246"},{"taxonomy":"post_tag","embeddable":true,"href":"https:\/\/www.cronacaonline.it\/index.php\/wp-json\/wp\/v2\/tags?post=237246"}],"curies":[{"name":"wp","href":"https:\/\/api.w.org\/{rel}","templated":true}]}}