{"id":237229,"date":"2023-06-15T12:33:46","date_gmt":"2023-06-15T10:33:46","guid":{"rendered":"https:\/\/www.cronacaonline.it\/?p=237229"},"modified":"2023-06-15T12:33:49","modified_gmt":"2023-06-15T10:33:49","slug":"progetto-aria-il-presidente-della-sardegna-ai-sindacati-i-lavoratori-erano-e-restano-una-priorita-fondi-stanziati-in-finanziaria","status":"publish","type":"post","link":"https:\/\/www.cronacaonline.it\/index.php\/2023\/06\/15\/progetto-aria-il-presidente-della-sardegna-ai-sindacati-i-lavoratori-erano-e-restano-una-priorita-fondi-stanziati-in-finanziaria\/","title":{"rendered":"Progetto aria, il presidente della Sardegna ai sindacati: \u201ci lavoratori erano e restano una priorit\u00e0, fondi stanziati in finanziaria\u201d."},"content":{"rendered":"\n<p>Cagliari, 15 Giu 2023 \u2013\u00a0\u201cNessun ostacolo alla firma del protocollo tra Regione e Infn. Laddove vi \u00e8 un investimento, specie se riguarda l\u2019alta tecnologia, \u00e8 forte la nostra volont\u00e0 di preservare i posti di lavoro e lo sviluppo. Creare le condizioni affinch\u00e9 si investa in asset strategici come quello scientifico e della ricerca, come \u00e8 nei fatti il progetto Aria nelle miniere della Carbosulcis, ha alla base la volont\u00e0 di mantenere i livelli occupazionali e, anzi, offrire nuove opportunit\u00e0 di lavoro facendo fare quel balzo in avanti che le aree dismesse o problematiche e i territori pi\u00f9 fragili meritano. Intendo dunque rassicurare i lavoratori e i sindacati, che lanciano un allarme di carattere occupazionale all\u2019indomani del successo relativo alla distillazione del primo prodotto, che conferma come la nostra Isola sia il luogo ideale per investimenti in alta tecnologia e ricerca\u201d. Cos\u00ec il Presidente della Regione Sardegna.<\/p>\n\n\n\n<p>\u201cI fondi per tutelare la forza occupazionale esistono e sono stati stanziati, e garantiscono la possibilit\u00e0 di armonizzare i nostri obiettivi verso una riconversione globale che garantisca un futuro di sviluppo e piena occupazione per gli impianti. Nessun lavoratore \u00e8 quindi in pericolo, ma \u00e8 anzi al centro della nostra attenzione\u201d. Com<\/p>\n","protected":false},"excerpt":{"rendered":"<p>Cagliari, 15 Giu 2023 \u2013\u00a0\u201cNessun ostacolo alla firma del protocollo tra Regione e Infn. Laddove vi \u00e8 un investimento, specie se riguarda l\u2019alta tecnologia, \u00e8&#8230;<\/p>\n","protected":false},"author":2,"featured_media":187128,"comment_status":"closed","ping_status":"open","sticky":false,"template":"","format":"standard","meta":[],"categories":[49,52],"tags":[],"_links":{"self":[{"href":"https:\/\/www.cronacaonline.it\/index.php\/wp-json\/wp\/v2\/posts\/237229"}],"collection":[{"href":"https:\/\/www.cronacaonline.it\/index.php\/wp-json\/wp\/v2\/posts"}],"about":[{"href":"https:\/\/www.cronacaonline.it\/index.php\/wp-json\/wp\/v2\/types\/post"}],"author":[{"embeddable":true,"href":"https:\/\/www.cronacaonline.it\/index.php\/wp-json\/wp\/v2\/users\/2"}],"replies":[{"embeddable":true,"href":"https:\/\/www.cronacaonline.it\/index.php\/wp-json\/wp\/v2\/comments?post=237229"}],"version-history":[{"count":1,"href":"https:\/\/www.cronacaonline.it\/index.php\/wp-json\/wp\/v2\/posts\/237229\/revisions"}],"predecessor-version":[{"id":237230,"href":"https:\/\/www.cronacaonline.it\/index.php\/wp-json\/wp\/v2\/posts\/237229\/revisions\/237230"}],"wp:featuredmedia":[{"embeddable":true,"href":"https:\/\/www.cronacaonline.it\/index.php\/wp-json\/wp\/v2\/media\/187128"}],"wp:attachment":[{"href":"https:\/\/www.cronacaonline.it\/index.php\/wp-json\/wp\/v2\/media?parent=237229"}],"wp:term":[{"taxonomy":"category","embeddable":true,"href":"https:\/\/www.cronacaonline.it\/index.php\/wp-json\/wp\/v2\/categories?post=237229"},{"taxonomy":"post_tag","embeddable":true,"href":"https:\/\/www.cronacaonline.it\/index.php\/wp-json\/wp\/v2\/tags?post=237229"}],"curies":[{"name":"wp","href":"https:\/\/api.w.org\/{rel}","templated":true}]}}