{"id":237212,"date":"2023-06-14T19:19:48","date_gmt":"2023-06-14T17:19:48","guid":{"rendered":"https:\/\/www.cronacaonline.it\/?p=237212"},"modified":"2023-06-14T19:19:51","modified_gmt":"2023-06-14T17:19:51","slug":"nuovi-ospedali-lassessore-doria-irrazionale-essere-contrari-a-una-sanita-moderna","status":"publish","type":"post","link":"https:\/\/www.cronacaonline.it\/index.php\/2023\/06\/14\/nuovi-ospedali-lassessore-doria-irrazionale-essere-contrari-a-una-sanita-moderna\/","title":{"rendered":"Nuovi ospedali, l\u2019assessore Doria: \u201cirrazionale essere contrari a una sanit\u00e0 moderna\u201d."},"content":{"rendered":"\n<p>Cagliari, 14 Giu 2023 \u2013\u00a0\u201cLa realizzazione dei nuovi ospedali in Sardegna sono una necessit\u00e0 e una priorit\u00e0 che dovrebbero trovare il massimo appoggio di tutti coloro che siedono nelle istituzioni e che hanno a cuore il futuro della nostra Isola e dei sardi. Oggi pi\u00f9 che mai, in un momento storico in cui l\u2019intero sistema sanitario soffre per la carenza di personale e in particolare medici specialisti, ottimizzare le risorse in campo \u00e8 un fattore strategico per poter dare risposte ai bisogni di assistenza della popolazione. Questa razionalizzazione, per essere realmente efficace, pu\u00f2 avvenire soltanto con la realizzazione di nuove strutture ospedaliere, moderne ed efficienti e pi\u00f9 aderenti, sul piano logistico, alla realt\u00e0 e allo sviluppo di un territorio e di citt\u00e0 che negli ultimi cinquant\u2019anni hanno cambiato volto\u201d. Lo dichiara l\u2019assessore regionale della Sanit\u00e0, Carlo Doria, in risposta alle polemiche sollevate da alcuni esponenti dell\u2019opposizione in consiglio regionale in merito al nuovo provvedimento approvato dalla Giunta.<\/p>\n\n\n\n<p>\u201c\u00c8 sconcertante \u2013 prosegue l\u2019assessore \u2013 che ci possa essere un\u2019opposizione politica cos\u00ec irresponsabile da essere contraria alla modernit\u00e0 e allo sviluppo del nostro sistema sanitario al punto da gettare ombre sullo stesso procedimento amministrativo adottato. Fra le attivit\u00e0 che la Giunta pu\u00f2 svolgere, secondo quanto previsto dal primo comma dell\u2019articolo 8 della legge regionale 31 del 1998, c\u2019\u00e8 quella di indirizzo applicativo degli atti normativi, che non richiede l\u2019espressione di alcun parere. In merito al provvedimento sui nuovi ospedali la Giunta ha fatto esattamente questo, dando un indirizzo applicativo all\u2019articolo 42 della legge regionale 24 del 2020, al fine di arrivare alla predisposizione di un piano per la realizzazione delle nuove strutture. Un procedimento assolutamente lineare, che non nasconde alcuna strana macchinazione frutto invece di suggestioni complottiste\u201d.<\/p>\n\n\n\n<p>\u201cLa verit\u00e0 \u00e8 una sola. I nostri ospedali sono obsoleti, in alcuni casi le strutture sono vecchie pi\u00f9 di cinquant\u2019anni e richiedono interventi continui che possono portare a miglioramenti molto limitati. La stessa concezione degli ospedali \u00e8 cambiata cos\u00ec come la logica dei percorsi interni alle strutture e dei reparti. I nuovi ospedali non possono essere etichettati come future \u2018scatole vuote\u2019, perch\u00e9 avrebbero la capacit\u00e0 di ottimizzare e allocare meglio le risorse a nostra disposizione, sia in termini di tecnologia, sia di personale. Il mondo intero sta andando in questa direzione, noi vogliamo una sanit\u00e0 moderna per i sardi ed \u00e8 assurdo che qualcuno possa essere contrario a tutto questo\u201d, conclude l\u2019assessore Doria.&nbsp;Com<\/p>\n","protected":false},"excerpt":{"rendered":"<p>Cagliari, 14 Giu 2023 \u2013\u00a0\u201cLa realizzazione dei nuovi ospedali in Sardegna sono una necessit\u00e0 e una priorit\u00e0 che dovrebbero trovare il massimo appoggio di tutti&#8230;<\/p>\n","protected":false},"author":2,"featured_media":229794,"comment_status":"closed","ping_status":"open","sticky":false,"template":"","format":"standard","meta":[],"categories":[49,52],"tags":[],"_links":{"self":[{"href":"https:\/\/www.cronacaonline.it\/index.php\/wp-json\/wp\/v2\/posts\/237212"}],"collection":[{"href":"https:\/\/www.cronacaonline.it\/index.php\/wp-json\/wp\/v2\/posts"}],"about":[{"href":"https:\/\/www.cronacaonline.it\/index.php\/wp-json\/wp\/v2\/types\/post"}],"author":[{"embeddable":true,"href":"https:\/\/www.cronacaonline.it\/index.php\/wp-json\/wp\/v2\/users\/2"}],"replies":[{"embeddable":true,"href":"https:\/\/www.cronacaonline.it\/index.php\/wp-json\/wp\/v2\/comments?post=237212"}],"version-history":[{"count":1,"href":"https:\/\/www.cronacaonline.it\/index.php\/wp-json\/wp\/v2\/posts\/237212\/revisions"}],"predecessor-version":[{"id":237213,"href":"https:\/\/www.cronacaonline.it\/index.php\/wp-json\/wp\/v2\/posts\/237212\/revisions\/237213"}],"wp:featuredmedia":[{"embeddable":true,"href":"https:\/\/www.cronacaonline.it\/index.php\/wp-json\/wp\/v2\/media\/229794"}],"wp:attachment":[{"href":"https:\/\/www.cronacaonline.it\/index.php\/wp-json\/wp\/v2\/media?parent=237212"}],"wp:term":[{"taxonomy":"category","embeddable":true,"href":"https:\/\/www.cronacaonline.it\/index.php\/wp-json\/wp\/v2\/categories?post=237212"},{"taxonomy":"post_tag","embeddable":true,"href":"https:\/\/www.cronacaonline.it\/index.php\/wp-json\/wp\/v2\/tags?post=237212"}],"curies":[{"name":"wp","href":"https:\/\/api.w.org\/{rel}","templated":true}]}}