{"id":237193,"date":"2023-06-14T15:03:02","date_gmt":"2023-06-14T13:03:02","guid":{"rendered":"https:\/\/www.cronacaonline.it\/?p=237193"},"modified":"2023-06-14T15:03:06","modified_gmt":"2023-06-14T13:03:06","slug":"sanita-nuovi-ospedali-pais-grande-soddisfazione-per-un-obiettivo-di-legislatura","status":"publish","type":"post","link":"https:\/\/www.cronacaonline.it\/index.php\/2023\/06\/14\/sanita-nuovi-ospedali-pais-grande-soddisfazione-per-un-obiettivo-di-legislatura\/","title":{"rendered":"Sanit\u00e0, nuovi ospedali, Pais: &#8220;grande soddisfazione per un obiettivo di legislatura\u201d.\u00a0"},"content":{"rendered":"\n<p>Cagliari, 14 Giu 2023 - Nuovi Ospedali di eccellenza ad Alghero, Cagliari, Sassari e un nuovo presidio ospedaliero territoriale unico nel Sulcis Iglesiente.<\/p>\n\n\n\n<p>\u00c8 il piano della Regione per la riorganizzazione delle strutture sanitarie contenuto nella deliberazione del 1\u00b0 giugno, proposta dall'assessore alla Sanit\u00e0 Carlo Doria, che affida all'Ares, alla Asl n. 1 &nbsp;e all'Aou di Sassari la predisposizione di uno studio di fattibilit\u00e0, da consegnare in 60 giorni, in cui vengano indicate le aree idone per la collocazione delle nuove strutture.<br><br>Il presidente del Consiglio regionale, Michele Pais, che sul tema dei nuovi ospedali si \u00e8 sempre speso e ha sempre mostrato massima attenzione, esprime grande soddisfazione e plauso al Presidente della Sardegna e all'assessore Doria. \"Ora \u00e8 necessario imprimere la massima velocit\u00e0, riducendo al minimo le procedure burocratiche per raggiungere uno dei pi\u00f9 importanti obiettivi della legislatura\" - dichiara il Presidente Pais.<br><br>\"Sar\u00e0 necessaria la massima collaborazione di tutte le istituzioni coinvolte, a partire dagli enti locali, che dovranno essere collaborativi e proattivi per giungere quanto pi\u00f9 velocemente possibile all'avvio della progettazione e, successivamente, alla realizzazione delle nuove strutture sanitarie\" - continua Michele Pais.&nbsp;<br><br>Pais evidenzia che un aspetto di particolare importanza \u00e8 che i nuovi ospedali, oltre a garantire i migliori standard di assistenza sanitaria rispetto alle strutture esistenti troppo datate e soggette a continue ristrutturazioni, spesso non soddisfacenti - \"consentiranno un utilizzo ottimale del personale sanitario sempre pi\u00f9 carente e oggi dislocato in strutture distanti e disomogenee che ne aggrava la situazione\".<br><br>\u201cCon i nuovi ospedali i cittadini avranno punti di riferimento unici per accedere &nbsp;alla migliore assistenza, anche grazie alla &nbsp;riorganizzazione delle attivit\u00e0 ospedaliere che sono in continuo incremento. \u2013 conclude Pais - Le strutture preesistenti continueranno a svolgere un ruolo all'interno del nuovo assetto territoriale, capace di offrire tutti i servizi di natura ospedaliera e di assistenza integrativa. Ora \u00e8 necessario correre\u201d. Com<\/p>\n","protected":false},"excerpt":{"rendered":"<p>Cagliari, 14 Giu 2023 &#8211; Nuovi Ospedali di eccellenza ad Alghero, Cagliari, Sassari e un nuovo presidio ospedaliero territoriale unico nel Sulcis Iglesiente. \u00c8 il&#8230;<\/p>\n","protected":false},"author":2,"featured_media":192512,"comment_status":"closed","ping_status":"open","sticky":false,"template":"","format":"standard","meta":[],"categories":[49,52],"tags":[],"_links":{"self":[{"href":"https:\/\/www.cronacaonline.it\/index.php\/wp-json\/wp\/v2\/posts\/237193"}],"collection":[{"href":"https:\/\/www.cronacaonline.it\/index.php\/wp-json\/wp\/v2\/posts"}],"about":[{"href":"https:\/\/www.cronacaonline.it\/index.php\/wp-json\/wp\/v2\/types\/post"}],"author":[{"embeddable":true,"href":"https:\/\/www.cronacaonline.it\/index.php\/wp-json\/wp\/v2\/users\/2"}],"replies":[{"embeddable":true,"href":"https:\/\/www.cronacaonline.it\/index.php\/wp-json\/wp\/v2\/comments?post=237193"}],"version-history":[{"count":1,"href":"https:\/\/www.cronacaonline.it\/index.php\/wp-json\/wp\/v2\/posts\/237193\/revisions"}],"predecessor-version":[{"id":237194,"href":"https:\/\/www.cronacaonline.it\/index.php\/wp-json\/wp\/v2\/posts\/237193\/revisions\/237194"}],"wp:featuredmedia":[{"embeddable":true,"href":"https:\/\/www.cronacaonline.it\/index.php\/wp-json\/wp\/v2\/media\/192512"}],"wp:attachment":[{"href":"https:\/\/www.cronacaonline.it\/index.php\/wp-json\/wp\/v2\/media?parent=237193"}],"wp:term":[{"taxonomy":"category","embeddable":true,"href":"https:\/\/www.cronacaonline.it\/index.php\/wp-json\/wp\/v2\/categories?post=237193"},{"taxonomy":"post_tag","embeddable":true,"href":"https:\/\/www.cronacaonline.it\/index.php\/wp-json\/wp\/v2\/tags?post=237193"}],"curies":[{"name":"wp","href":"https:\/\/api.w.org\/{rel}","templated":true}]}}