{"id":237117,"date":"2023-06-12T14:46:47","date_gmt":"2023-06-12T12:46:47","guid":{"rendered":"https:\/\/www.cronacaonline.it\/?p=237117"},"modified":"2023-06-12T14:46:50","modified_gmt":"2023-06-12T12:46:50","slug":"consiglio-sardegna-commissioni-il-calendario-della-settimana-33","status":"publish","type":"post","link":"https:\/\/www.cronacaonline.it\/index.php\/2023\/06\/12\/consiglio-sardegna-commissioni-il-calendario-della-settimana-33\/","title":{"rendered":"Consiglio Sardegna &#8211; Commissioni: il calendario della settimana."},"content":{"rendered":"\n<p>Cagliari, 12 Giu 2023 \u2013 L\u2019attivit\u00e0 delle commissioni consiliari riprender\u00e0 domani (marted\u00ec 13 giugno, ore 10.30) con la seduta della commissione Lavoro e Cultura presieduta da Sara Canu (Fdi). All\u2019ordine del giorno le audizioni della Garante delle persone private della libert\u00e0 personale Irene Testa, che illustrer\u00e0 il suo programma, i vertici della Sardegna Film Commission e le agenzie formative regionali accreditate Asaf, Cesfop e Coreform.<\/p>\n\n\n\n<p>Per il pomeriggio alle 16.00, invece, \u00e8 prevista la riunione dei capigruppo, per mettere a punto il calendario dei lavori del Consiglio.<\/p>\n\n\n\n<p>Il giorno successivo, mercoled\u00ec, si riunir\u00e0 alle 11.00 la commissione Sanit\u00e0, presieduta da Antonio Mario Mundula (Fdi). Previste le audizioni dell\u2019Asarp (Associazione sarda per l\u2019attuazione della riforma psichiatrica) sui servizi di salute mentale, dell\u2019Arsi (Associazione ricercatori in sanit\u00e0) sul riconoscimento dello \u201cstatus\u201d lavorativo del personale e dei Medici penitenziari sulle problematiche di settore.<\/p>\n\n\n\n<p>Per gioved\u00ec alle 10.30 \u00e8 in programma la seduta della commissione Attivit\u00e0 produttive presieduta da Piero Maieli (Psd\u2019Az). Sar\u00e0 ascoltato l\u2019assessore del Turismo, artigianato e commercio Gianni Chessa sulla delibera n.253 riguardante le modalit\u00e0 operative per la concessione di contributi in conto interessi e capitale (legge 949\/52) ed in conto canoni di locazione finanziaria (legge 240\/81).<\/p>\n\n\n\n<p>Successivamente, nel quadro delle attivit\u00e0 istruttorie legate alla riforma dei Consorzi di bonifica, interverranno l\u2019assessore dei Lavori pubblici Pierluigi Saiu, ed i rappresentati dell\u2019Autorit\u00e0 di bacino della Sardegna, di Abbanoa Spa e di Egas Sardegna.<\/p>\n\n\n\n<p>Alle 12.00, infine, si riunir\u00e0 la commissione Governo del territorio, presieduta da Giuseppe Talanas (Forza Italia), per proseguire l\u2019esame del Testo unico sull\u2019edilizia abitativa.<\/p>\n\n\n\n<p>I lavori continueranno nel pomeriggio. Alle 16.00, l\u2019assessore dei Trasporti Antonio Moro illustrer\u00e0 il Dl n.384 sugli aiuti per il potenziamento del traffico aereo da e per la Sardegna. Com<\/p>\n","protected":false},"excerpt":{"rendered":"<p>Cagliari, 12 Giu 2023 \u2013 L\u2019attivit\u00e0 delle commissioni consiliari riprender\u00e0 domani (marted\u00ec 13 giugno, ore 10.30) con la seduta della commissione Lavoro e Cultura presieduta&#8230;<\/p>\n","protected":false},"author":2,"featured_media":192512,"comment_status":"closed","ping_status":"open","sticky":false,"template":"","format":"standard","meta":[],"categories":[49,52],"tags":[],"_links":{"self":[{"href":"https:\/\/www.cronacaonline.it\/index.php\/wp-json\/wp\/v2\/posts\/237117"}],"collection":[{"href":"https:\/\/www.cronacaonline.it\/index.php\/wp-json\/wp\/v2\/posts"}],"about":[{"href":"https:\/\/www.cronacaonline.it\/index.php\/wp-json\/wp\/v2\/types\/post"}],"author":[{"embeddable":true,"href":"https:\/\/www.cronacaonline.it\/index.php\/wp-json\/wp\/v2\/users\/2"}],"replies":[{"embeddable":true,"href":"https:\/\/www.cronacaonline.it\/index.php\/wp-json\/wp\/v2\/comments?post=237117"}],"version-history":[{"count":1,"href":"https:\/\/www.cronacaonline.it\/index.php\/wp-json\/wp\/v2\/posts\/237117\/revisions"}],"predecessor-version":[{"id":237118,"href":"https:\/\/www.cronacaonline.it\/index.php\/wp-json\/wp\/v2\/posts\/237117\/revisions\/237118"}],"wp:featuredmedia":[{"embeddable":true,"href":"https:\/\/www.cronacaonline.it\/index.php\/wp-json\/wp\/v2\/media\/192512"}],"wp:attachment":[{"href":"https:\/\/www.cronacaonline.it\/index.php\/wp-json\/wp\/v2\/media?parent=237117"}],"wp:term":[{"taxonomy":"category","embeddable":true,"href":"https:\/\/www.cronacaonline.it\/index.php\/wp-json\/wp\/v2\/categories?post=237117"},{"taxonomy":"post_tag","embeddable":true,"href":"https:\/\/www.cronacaonline.it\/index.php\/wp-json\/wp\/v2\/tags?post=237117"}],"curies":[{"name":"wp","href":"https:\/\/api.w.org\/{rel}","templated":true}]}}