{"id":237030,"date":"2023-06-10T15:43:36","date_gmt":"2023-06-10T13:43:36","guid":{"rendered":"https:\/\/www.cronacaonline.it\/?p=237030"},"modified":"2023-06-10T15:43:39","modified_gmt":"2023-06-10T13:43:39","slug":"dichiarazione-del-capogruppo-pd-gianfranco-ganau-lassessore-doria-presenta-una-realta-che-esiste-solo-nei-racconti-che-si-fa-davanti-allo-specchio","status":"publish","type":"post","link":"https:\/\/www.cronacaonline.it\/index.php\/2023\/06\/10\/dichiarazione-del-capogruppo-pd-gianfranco-ganau-lassessore-doria-presenta-una-realta-che-esiste-solo-nei-racconti-che-si-fa-davanti-allo-specchio\/","title":{"rendered":"Dichiarazione del capogruppo Pd Gianfranco Ganau: l&#8217;assessore Doria presenta una realt\u00e0 che esiste solo nei racconti che si fa davanti allo specchio."},"content":{"rendered":"\n<p>Cagliari, 10 Gen 2023 - In relazione ai recenti dati dello studio Crenos sulla Sardegna, riferiti al 2021, che testimoniano in modo puntuale il risultato fallimentare delle politiche del centro destra nella regione Sardegna, l'assessore Doria si arrampica sugli specchi ed arriva ad accusare di preconcetto politico uno studio prettamente scientifico.<\/p>\n\n\n\n<p>In particolare \u2013 dichiara in una nota il capogruppo del Partito Democratico Gianfranco Ganau - attribuisce i pessimi risultati, certificati nel campo sanitario, come frutto della situazione emergenziale legata alla pandemia, come se questa avesse riguardato solo la Sardegna. Pertanto l\u2019assessore nega l\u2019evidenza della difficolt\u00e0 all\u2019accesso alle cure, testimoniato dalle infinite liste d\u2019attesa, citando presunti miglioramenti solo per alcune prestazioni.<\/p>\n\n\n\n<p>Finge, inoltre, di non sapere che la Sardegna \u00e8 ultima tra le regioni per rinuncia alle cure con il 18,4% contro l\u201911,2% del resto dell\u2019Italia. Scarica ancora una volta la responsabilit\u00e0 sulle precedenti gestioni nazionali e regionali, come se il centro-destra non governasse l\u2019isola da oltre 4 anni.<\/p>\n\n\n\n<p>Attribuisce il dato che pone la Sardegna al primo posto per mortalit\u00e0 extra-Covid nel 2021 all\u2019anzianit\u00e0 della popolazione, non tenendo presente che regioni con popolazione pi\u00f9 anziana (Liguria e Calabria per esempio) abbiano avuto tassi di mortalit\u00e0 ben inferiori.<\/p>\n\n\n\n<p>Non riconosce i dati dell\u2019Agenas che pone la Sardegna tra le ultime regioni per assistenza ospedaliera e territoriale, non raggiungendo neanche i livelli di sufficienza.<\/p>\n\n\n\n<p>Assessore, - conclude il capogruppo Ganau - va bene tutto ma negare l\u2019evidenza, sotto gli occhi di tutti, non l\u2019aiuta a risolvere I tanti problemi ben presentati dal rapporto in questione. Red<\/p>\n","protected":false},"excerpt":{"rendered":"<p>Cagliari, 10 Gen 2023 &#8211; In relazione ai recenti dati dello studio Crenos sulla Sardegna, riferiti al 2021, che testimoniano in modo puntuale il risultato&#8230;<\/p>\n","protected":false},"author":2,"featured_media":237031,"comment_status":"closed","ping_status":"open","sticky":false,"template":"","format":"standard","meta":[],"categories":[49,52],"tags":[],"_links":{"self":[{"href":"https:\/\/www.cronacaonline.it\/index.php\/wp-json\/wp\/v2\/posts\/237030"}],"collection":[{"href":"https:\/\/www.cronacaonline.it\/index.php\/wp-json\/wp\/v2\/posts"}],"about":[{"href":"https:\/\/www.cronacaonline.it\/index.php\/wp-json\/wp\/v2\/types\/post"}],"author":[{"embeddable":true,"href":"https:\/\/www.cronacaonline.it\/index.php\/wp-json\/wp\/v2\/users\/2"}],"replies":[{"embeddable":true,"href":"https:\/\/www.cronacaonline.it\/index.php\/wp-json\/wp\/v2\/comments?post=237030"}],"version-history":[{"count":1,"href":"https:\/\/www.cronacaonline.it\/index.php\/wp-json\/wp\/v2\/posts\/237030\/revisions"}],"predecessor-version":[{"id":237032,"href":"https:\/\/www.cronacaonline.it\/index.php\/wp-json\/wp\/v2\/posts\/237030\/revisions\/237032"}],"wp:featuredmedia":[{"embeddable":true,"href":"https:\/\/www.cronacaonline.it\/index.php\/wp-json\/wp\/v2\/media\/237031"}],"wp:attachment":[{"href":"https:\/\/www.cronacaonline.it\/index.php\/wp-json\/wp\/v2\/media?parent=237030"}],"wp:term":[{"taxonomy":"category","embeddable":true,"href":"https:\/\/www.cronacaonline.it\/index.php\/wp-json\/wp\/v2\/categories?post=237030"},{"taxonomy":"post_tag","embeddable":true,"href":"https:\/\/www.cronacaonline.it\/index.php\/wp-json\/wp\/v2\/tags?post=237030"}],"curies":[{"name":"wp","href":"https:\/\/api.w.org\/{rel}","templated":true}]}}