{"id":237026,"date":"2023-06-10T12:43:06","date_gmt":"2023-06-10T10:43:06","guid":{"rendered":"https:\/\/www.cronacaonline.it\/?p=237026"},"modified":"2023-06-10T12:43:08","modified_gmt":"2023-06-10T10:43:08","slug":"riunita-a-ottana-la-grande-assemblea-il-pd-salvi-la-sardegna-dichiarazione-del-consigliere-regionale-del-partito-democratico-roberto-deriu","status":"publish","type":"post","link":"https:\/\/www.cronacaonline.it\/index.php\/2023\/06\/10\/riunita-a-ottana-la-grande-assemblea-il-pd-salvi-la-sardegna-dichiarazione-del-consigliere-regionale-del-partito-democratico-roberto-deriu\/","title":{"rendered":"Riunita a Ottana \u201cLa Grande Assemblea\u201d, \u201cIl Pd salvi la Sardegna\u201d. Dichiarazione del Consigliere regionale del Partito Democratico Roberto Deriu."},"content":{"rendered":"\n<p>Cagliari, 10 Giu 2023 - Si \u00e8 tenuta ieri l\u2019assemblea dal titolo \u201cInnovare la politica, salvare la Sardegna\u201d, alla presenza della componente de \u201cLa Grande Assemblea\u201d che nell\u2019ultimo congresso del Partito Democratico ha eletto figure in tutte le istanze politiche territoriali del partito, a partire dalla direzione regionale per arrivare all\u2019Assemblea nazionale insieme ai Popolari e Riformisti.<\/p>\n\n\n\n<p>A presiedere l\u2019assemblea presso l\u2019hotel Funtana \u2018e Donne di Ottana, Marilisa Marongiu, presidente del Pd di Nuoro. Numerosissimi gli interventi, tra cui quello di Roberto Deriu, consigliere regionale del Partito Democratico, Giuseppe Ciccolini, segretario provinciale del Pd, Giovanni Mossa, segretario cittadino del Pd Nuoro, Romina Pili, componente della direzione regionale e dell\u2019assemblea nazionale del Pd.<\/p>\n\n\n\n<p>\u201cVedo con grande impazienza quello che ci attende \u2013 ha detto Roberto Deriu \u2013. Se da un lato mi sembra che siamo giunti alla fine di un percorso, dall\u2019altro vedo che noi stiamo cominciando una fase vitale, perch\u00e9 c\u2019\u00e8 una necessit\u00e0 impellente: salvare la Sardegna.&nbsp;<\/p>\n\n\n\n<p>Da cosa? Dalla sua incapacit\u00e0 di competere nello scenario globale, dalla sua incapacit\u00e0 di risolvere i problemi essenziali come l\u2019acqua, il trasporto, la sanit\u00e0, la scuola e l\u2019universit\u00e0, il sistema economico cos\u00ec terremotato dalla deindustrializzazione.&nbsp;<\/p>\n\n\n\n<p>Ma prima di tutto \u2013 ha proseguito \u2013 la Sardegna va salvata dal centrodestra. Servono politiche calate nella realt\u00e0 regionale, nella realt\u00e0 isolana, che possono essere decise ed elaborate solo qui attraverso un grande progetto di rigenerazione\u201d.<\/p>\n\n\n\n<p>\u201cAvere un\u2019amministrazione pubblica di qualit\u00e0 \u00e8 alla base della nostra politica \u2013 ha detto Deriu \u2013. Stiamo cercando di incidere sui fondamenti, sulle radici, dello sviluppo o del sottosviluppo. Cio\u00e8 quegli elementi che determinano se noi andiamo indietro o avanti. Sono problemi giganteschi che meritano persone adeguate, non spot\u201d.<\/p>\n\n\n\n<p>\u201cIl nostro dovere morale \u2013 ha aggiunto il consigliere regionale \u2013 \u00e8 quello di scacciare il centrodestra, perch\u00e9 sono completamente incapaci di gestire la macchina regionale. Se ne devono andare perch\u00e9 sono un ostacolo al tentativo della Sardegna di sopravvivere. Per fare questo serve una coalizione vasta. Noi individuiamo nell\u2019Einstein Telescope, un progetto unico al mondo, il cambio di modello e l\u2019uscita dall\u2019incapacit\u00e0 di essere protagonisti a livello globale. Con questo intervento noi possiamo essere protagonisti a livello globale. Oggi c\u2019\u00e8 un nuovo inizio della politica. Dobbiamo proseguire questo tipo di confronto per crescere e rafforzarci nella possibilit\u00e0 di offrirci come fattore di cambiamento della nostra terra. Salviamo la Sardegna\u201d, ha concluso Roberto Deriu. Red<\/p>\n","protected":false},"excerpt":{"rendered":"<p>Cagliari, 10 Giu 2023 &#8211; Si \u00e8 tenuta ieri l\u2019assemblea dal titolo \u201cInnovare la politica, salvare la Sardegna\u201d, alla presenza della componente de \u201cLa Grande&#8230;<\/p>\n","protected":false},"author":2,"featured_media":227336,"comment_status":"closed","ping_status":"open","sticky":false,"template":"","format":"standard","meta":[],"categories":[49,52],"tags":[],"_links":{"self":[{"href":"https:\/\/www.cronacaonline.it\/index.php\/wp-json\/wp\/v2\/posts\/237026"}],"collection":[{"href":"https:\/\/www.cronacaonline.it\/index.php\/wp-json\/wp\/v2\/posts"}],"about":[{"href":"https:\/\/www.cronacaonline.it\/index.php\/wp-json\/wp\/v2\/types\/post"}],"author":[{"embeddable":true,"href":"https:\/\/www.cronacaonline.it\/index.php\/wp-json\/wp\/v2\/users\/2"}],"replies":[{"embeddable":true,"href":"https:\/\/www.cronacaonline.it\/index.php\/wp-json\/wp\/v2\/comments?post=237026"}],"version-history":[{"count":1,"href":"https:\/\/www.cronacaonline.it\/index.php\/wp-json\/wp\/v2\/posts\/237026\/revisions"}],"predecessor-version":[{"id":237027,"href":"https:\/\/www.cronacaonline.it\/index.php\/wp-json\/wp\/v2\/posts\/237026\/revisions\/237027"}],"wp:featuredmedia":[{"embeddable":true,"href":"https:\/\/www.cronacaonline.it\/index.php\/wp-json\/wp\/v2\/media\/227336"}],"wp:attachment":[{"href":"https:\/\/www.cronacaonline.it\/index.php\/wp-json\/wp\/v2\/media?parent=237026"}],"wp:term":[{"taxonomy":"category","embeddable":true,"href":"https:\/\/www.cronacaonline.it\/index.php\/wp-json\/wp\/v2\/categories?post=237026"},{"taxonomy":"post_tag","embeddable":true,"href":"https:\/\/www.cronacaonline.it\/index.php\/wp-json\/wp\/v2\/tags?post=237026"}],"curies":[{"name":"wp","href":"https:\/\/api.w.org\/{rel}","templated":true}]}}