{"id":236994,"date":"2023-06-09T20:41:01","date_gmt":"2023-06-09T18:41:01","guid":{"rendered":"https:\/\/www.cronacaonline.it\/?p=236994"},"modified":"2023-06-09T20:41:04","modified_gmt":"2023-06-09T18:41:04","slug":"rapporto-crenos-il-presidente-sardegna-centrodestra-ha-raccolto-eredita-pesante-dati-pil-sardegna-in-linea-con-quelli-nazionali","status":"publish","type":"post","link":"https:\/\/www.cronacaonline.it\/index.php\/2023\/06\/09\/rapporto-crenos-il-presidente-sardegna-centrodestra-ha-raccolto-eredita-pesante-dati-pil-sardegna-in-linea-con-quelli-nazionali\/","title":{"rendered":"Rapporto Crenos, il presidente Sardegna: centrodestra ha raccolto eredit\u00e0 pesante. Dati Pil Sardegna in linea con quelli nazionali."},"content":{"rendered":"\n<p>Cagliari, 9 Giu 2023 -\u00a0L\u2019impegno di questa Giunta Regionale \u00e8 stato imponente su tutti gli aspetti presi in considerazione dal rapporto: abbiamo avviato riforme profonde attese da decenni, per invertire la rotta e portare l\u2019Isola sulla strada dello sviluppo.\u00a0Il Presidente della Regione sarda, commentando il rapporto illustrato oggi da Crenos, sottolinea l\u2019importanza degli interventi attuati dalla Giunta sul problema demografico, su quello occupazionale, sul fronte dell\u2019innovazione tecnologica, sul capitale umano e la formazione, sulla tenuta del sistema economico durante la pandemia e nel post-Covid.\u00a0<\/p>\n\n\n\n<p>\u00c8 stato imponente nel corso di questa Legislatura, dice il Presidente, l\u2019impegno profuso in favore delle imprese per il mantenimento dei livelli occupazionali, con una mole di risorse stanziate per far fronte alla pandemia che non ha eguali n\u00e9 a livello regionale e n\u00e9 nazionale dato che la Sardegna \u00e8 stata la prima regione d\u2019Italia per risorse proprie investite. Cos\u00ec come \u00e8 stato deciso l\u2019impegno per la risoluzione delle principali vertenze che hanno interessato la Sardegna con l\u2019obiettivo di mantenere le produzioni nell\u2019Isola e salvaguardare i posti di lavoro o garantire quelle vie d\u2019uscita necessarie per tutelare i lavoratori.<\/p>\n\n\n\n<p>In questo contesto non \u00e8 mancato il sostegno concreto al mondo del lavoro femminile e alle mamme lavoratrici per supportare il difficile equilibrio tra vita professionale e familiare: la Regione ha sostenuto concretamente imprenditrici, lavoratrici autonome e libere professioniste, mettendo in campo strumenti e risorse per sostenere, rafforzare e valorizzare la presenza femminile nel mondo del lavoro. Non meno incisivo \u00e8 stato l\u2019intervento per la valorizzazione del capitale umano e la formazione, cos\u00ec come nella mobilit\u00e0 giovanile finalizzata appunto alla formazione dei giovani.<\/p>\n\n\n\n<p>All\u2019innovazione tecnologica e agli investimenti in alta tecnologia si \u00e8 guardato fin dal 2019, anno di insediamento della Giunta regionale, per far s\u00ec che si consolidi sempre di pi\u00f9 l\u2019immagine di una Sardegna conosciuta e apprezzata non solo per le sue bellezze turistiche e paesaggistiche ma anche come ecosistema favorevole per l'innovazione, la ricerca, lo sviluppo. Due esempi sono la riconversione dei pozzi minerari della Carbosulcis, che hanno sempre rappresentato un problema e sono diventati una risorsa con il progetto Aria, che ha portato alla realizzazione della torre di distillazione dell'Arno, un gas nobile, e l\u2019impegno per la realizzazione dell\u2019Einstein Telescope a Lula, finalmente candidata ufficiale dell\u2019Italia. Esempi che contribuiranno anche alla lotta allo spopolamento dato che richiameranno nell\u2019Isola, e in particolare in un territorio storicamente depresso, scienziati, ricercatori provenienti da tutto il mondo e rivitalizzeranno molte imprese sarde.<\/p>\n\n\n\n<p>\u00c8 proprio sullo spopolamento, che sul medio-lungo termine incider\u00e0 anche sui livelli demografici, che sono stati stanziati oltre 360 milioni di euro per le tre principali linee d\u2019azione, ovvero il bonus nascita, le agevolazioni per le attivit\u00e0 produttive, i mutui prima casa. Tre direttrici fondamentali per garantire un futuro alle famiglie che l\u00ec risiederanno e per accrescere la loro capacit\u00e0 d\u2019impresa.<\/p>\n\n\n\n<p>Gran parte dei dati esposti da Crenos, sottolinea ancora il capo della giunta, si riferiscono al 2021, anno ancora falcidiato e funestato, sia dal punto di vista sanitario che da quello economico, dalla pandemia.<\/p>\n\n\n\n<p>Le stime sul Pil sardo per il 2023 elaborate da Prometeia confermano per la Sardegna un aumento in linea con quello nazionale: non c\u2019\u00e8 quindi quel \"collasso\" del sistema Sardegna, titolo utilizzato per presentare il rapporto, degno pi\u00f9 di un organismo di militanza politica che di una istituzione di natura accademica, dalla quale \u00e8 lecito attendersi un esempio di rigore e imparzialit\u00e0. Com<\/p>\n","protected":false},"excerpt":{"rendered":"<p>Cagliari, 9 Giu 2023 &#8211;\u00a0L\u2019impegno di questa Giunta Regionale \u00e8 stato imponente su tutti gli aspetti presi in considerazione dal rapporto: abbiamo avviato riforme profonde&#8230;<\/p>\n","protected":false},"author":2,"featured_media":187128,"comment_status":"closed","ping_status":"open","sticky":false,"template":"","format":"standard","meta":[],"categories":[49,52],"tags":[],"_links":{"self":[{"href":"https:\/\/www.cronacaonline.it\/index.php\/wp-json\/wp\/v2\/posts\/236994"}],"collection":[{"href":"https:\/\/www.cronacaonline.it\/index.php\/wp-json\/wp\/v2\/posts"}],"about":[{"href":"https:\/\/www.cronacaonline.it\/index.php\/wp-json\/wp\/v2\/types\/post"}],"author":[{"embeddable":true,"href":"https:\/\/www.cronacaonline.it\/index.php\/wp-json\/wp\/v2\/users\/2"}],"replies":[{"embeddable":true,"href":"https:\/\/www.cronacaonline.it\/index.php\/wp-json\/wp\/v2\/comments?post=236994"}],"version-history":[{"count":1,"href":"https:\/\/www.cronacaonline.it\/index.php\/wp-json\/wp\/v2\/posts\/236994\/revisions"}],"predecessor-version":[{"id":236995,"href":"https:\/\/www.cronacaonline.it\/index.php\/wp-json\/wp\/v2\/posts\/236994\/revisions\/236995"}],"wp:featuredmedia":[{"embeddable":true,"href":"https:\/\/www.cronacaonline.it\/index.php\/wp-json\/wp\/v2\/media\/187128"}],"wp:attachment":[{"href":"https:\/\/www.cronacaonline.it\/index.php\/wp-json\/wp\/v2\/media?parent=236994"}],"wp:term":[{"taxonomy":"category","embeddable":true,"href":"https:\/\/www.cronacaonline.it\/index.php\/wp-json\/wp\/v2\/categories?post=236994"},{"taxonomy":"post_tag","embeddable":true,"href":"https:\/\/www.cronacaonline.it\/index.php\/wp-json\/wp\/v2\/tags?post=236994"}],"curies":[{"name":"wp","href":"https:\/\/api.w.org\/{rel}","templated":true}]}}