{"id":236989,"date":"2023-06-09T15:49:19","date_gmt":"2023-06-09T13:49:19","guid":{"rendered":"https:\/\/www.cronacaonline.it\/?p=236989"},"modified":"2023-06-09T15:49:21","modified_gmt":"2023-06-09T13:49:21","slug":"agricoltura-lassessore-satta-ai-sardinia-food-awards-straordinaria-unicita-dei-nostri-prodotti-frutto-di-tradizione-e-innovazione","status":"publish","type":"post","link":"https:\/\/www.cronacaonline.it\/index.php\/2023\/06\/09\/agricoltura-lassessore-satta-ai-sardinia-food-awards-straordinaria-unicita-dei-nostri-prodotti-frutto-di-tradizione-e-innovazione\/","title":{"rendered":"Agricoltura, l\u2019assessore Satta ai Sardinia Food Awards: \u201cstraordinaria unicit\u00e0 dei nostri prodotti frutto di tradizione e innovazione\u201d."},"content":{"rendered":"\n<p>Cagliari, 9 Giu 2023\u00a0\u2013 \u201cIn Sardegna sono tantissime le aziende del settore agroalimentare, di ogni ramo della filiera, che portano nel mondo prodotti di eccellenza: \u00e8 necessaria una presa di consapevolezza sulla straordinaria unicit\u00e0 dei nostri prodotti, unicit\u00e0 che deriva dalle caratteristiche uniche dei nostri territori e dai metodi tradizionali, tramandati per generazioni, che si uniscono oggi alle nuove tecnologie\u201d. Lo afferma l\u2019assessore regionale dell\u2019Agricoltura, Valeria Satta, che questa mattina ha preso parte alla presentazione dei Sardinia Food Awards, manifestazione giunta alla sua ottava edizione e che finora ha visto la partecipazione di ben 312 aziende isolane. La conferenza stampa si \u00e8 svolta presso l\u2019Auditorium del Banco di Sardegna in viale Diaz a Cagliari.<\/p>\n\n\n\n<p>\u201cRingrazio Sardinia Food Awards per il coinvolgimento del mio assessorato e della Regione Sardegna in questo evento\u201d ha detto l\u2019assessore Satta. \u201cL\u2019impegno della Regione Sardegna a far conoscere i propri territori ed i propri prodotti agroalimentari \u00e8 continuo e costante: questo \u00e8 ci\u00f2 che l\u2019assessorato dell\u2019Agricoltura sta portando avanti con convinzione. I nostri produttori, molti dei quali sono riuniti in consorzi, stanno dando dimostrazione del fatto che l\u2019unione fa la forza. La cooperazione aumenta la qualit\u00e0, uniti si pu\u00f2 fare la differenza e lo vediamo gi\u00e0 dalla crescita dei nostri prodotti sul mercato, ad esempio nei settori enologico e apistico, una crescita tangibile che si deve soprattutto alla tenacia tipica dei sardi\u201d.<\/p>\n\n\n\n<p>\u201cEsistono tantissime aziende di eccellenza in Sardegna, anche molto piccole\u201d sottolinea l\u2019assessore dell\u2019Agricoltura \u201cIn molti casi si tratta di aziende a conduzione familiare la cui gestione viene lasciata dai padri in mano ai figli. Ma sono sempre pi\u00f9 numerose le nuove realt\u00e0, create da tanti giovani che scelgono, magari dopo un percorso di studi fuori dalla Sardegna, di tornare nella loro terra e scommettere su ci\u00f2 che pu\u00f2 nascere dal territorio. Una scommessa che fa crescere la Sardegna\u201d.&nbsp; Com<\/p>\n","protected":false},"excerpt":{"rendered":"<p>Cagliari, 9 Giu 2023\u00a0\u2013 \u201cIn Sardegna sono tantissime le aziende del settore agroalimentare, di ogni ramo della filiera, che portano nel mondo prodotti di eccellenza:&#8230;<\/p>\n","protected":false},"author":2,"featured_media":234749,"comment_status":"closed","ping_status":"open","sticky":false,"template":"","format":"standard","meta":[],"categories":[49,52],"tags":[],"_links":{"self":[{"href":"https:\/\/www.cronacaonline.it\/index.php\/wp-json\/wp\/v2\/posts\/236989"}],"collection":[{"href":"https:\/\/www.cronacaonline.it\/index.php\/wp-json\/wp\/v2\/posts"}],"about":[{"href":"https:\/\/www.cronacaonline.it\/index.php\/wp-json\/wp\/v2\/types\/post"}],"author":[{"embeddable":true,"href":"https:\/\/www.cronacaonline.it\/index.php\/wp-json\/wp\/v2\/users\/2"}],"replies":[{"embeddable":true,"href":"https:\/\/www.cronacaonline.it\/index.php\/wp-json\/wp\/v2\/comments?post=236989"}],"version-history":[{"count":1,"href":"https:\/\/www.cronacaonline.it\/index.php\/wp-json\/wp\/v2\/posts\/236989\/revisions"}],"predecessor-version":[{"id":236990,"href":"https:\/\/www.cronacaonline.it\/index.php\/wp-json\/wp\/v2\/posts\/236989\/revisions\/236990"}],"wp:featuredmedia":[{"embeddable":true,"href":"https:\/\/www.cronacaonline.it\/index.php\/wp-json\/wp\/v2\/media\/234749"}],"wp:attachment":[{"href":"https:\/\/www.cronacaonline.it\/index.php\/wp-json\/wp\/v2\/media?parent=236989"}],"wp:term":[{"taxonomy":"category","embeddable":true,"href":"https:\/\/www.cronacaonline.it\/index.php\/wp-json\/wp\/v2\/categories?post=236989"},{"taxonomy":"post_tag","embeddable":true,"href":"https:\/\/www.cronacaonline.it\/index.php\/wp-json\/wp\/v2\/tags?post=236989"}],"curies":[{"name":"wp","href":"https:\/\/api.w.org\/{rel}","templated":true}]}}