{"id":236985,"date":"2023-06-09T14:57:01","date_gmt":"2023-06-09T12:57:01","guid":{"rendered":"https:\/\/www.cronacaonline.it\/?p=236985"},"modified":"2023-06-09T14:57:04","modified_gmt":"2023-06-09T12:57:04","slug":"continuita-territoriale-aerea-lassessore-moro-offerta-estiva-da-record-per-la-sardegna-con-9-milioni-e-mezzo-di-posti-e-oltre-230-voli-basta-con-disfattismo-e-strumentalizzazioni","status":"publish","type":"post","link":"https:\/\/www.cronacaonline.it\/index.php\/2023\/06\/09\/continuita-territoriale-aerea-lassessore-moro-offerta-estiva-da-record-per-la-sardegna-con-9-milioni-e-mezzo-di-posti-e-oltre-230-voli-basta-con-disfattismo-e-strumentalizzazioni\/","title":{"rendered":"Continuit\u00e0 territoriale aerea, l\u2019assessore Moro: offerta estiva da record per la Sardegna con 9 milioni e mezzo di posti e oltre 230 voli, basta con disfattismo e strumentalizzazioni."},"content":{"rendered":"\n<p>Cagliari, 9 Giu 2023 \u2013\u00a0\u201cVorrei ricordare a quegli esponenti dell\u2019opposizione disfattista che in questi giorni parlano strumentalmente di continuit\u00e0 territoriale e diritto alla mobilit\u00e0 che quest\u2019estate i tre aeroporti dell\u2019Isola possono contare su un\u2019offerta record di nove milioni e mezzo di posti e oltre 230 collegamenti con il resto d\u2019Italia e altri 25 Paesi, e che gli unici interessi tutelati dalla Giunta sono quelli dei sardi\u201d. Cos\u00ec l\u2019assessore regionale dei Trasporti, Antonio Moro, replica alle dichiarazioni del deputato del Pd, Silvio Lai, confermando i numeri della stagione estiva degli scali sardi.<\/p>\n\n\n\n<p>\u201cFaccio anche presente che nel minor tempo possibile la Regione ha mantenuto l\u2019impegno di varare un disegno di legge che prevede aiuti fino al 50% ai vettori per l\u2019attivazione di nuove rotte con uno stanziamento di 25 milioni di euro in tre anni. E questo \u00e8 solo il primo dei tre pilastri su cui si regge il nuovo modello \u2018sardo\u2019 di continuit\u00e0 territoriale sarda che \u00e8 completato dalla continuit\u00e0 con gli oneri di servizio, sulla quale \u00e8 aperto un confronto con Bruxelles, e dagli aiuti diretti al passeggero per l\u2019abbattimento del costo dei biglietti. E all\u2019onorevole Lai dico che gli interessi forti ai quali fa riferimento sono quelli rappresentati e tutelati da autorevolissimi esponenti del partito del quale l\u2019onorevole Lai fa parte e che puntano alla gestione in regime di monopolio degli aeroporti sardi\u201d, conclude l\u2019esponente della Giunta sarda. Com<\/p>\n","protected":false},"excerpt":{"rendered":"<p>Cagliari, 9 Giu 2023 \u2013\u00a0\u201cVorrei ricordare a quegli esponenti dell\u2019opposizione disfattista che in questi giorni parlano strumentalmente di continuit\u00e0 territoriale e diritto alla mobilit\u00e0 che&#8230;<\/p>\n","protected":false},"author":2,"featured_media":229936,"comment_status":"closed","ping_status":"open","sticky":false,"template":"","format":"standard","meta":[],"categories":[49,52],"tags":[],"_links":{"self":[{"href":"https:\/\/www.cronacaonline.it\/index.php\/wp-json\/wp\/v2\/posts\/236985"}],"collection":[{"href":"https:\/\/www.cronacaonline.it\/index.php\/wp-json\/wp\/v2\/posts"}],"about":[{"href":"https:\/\/www.cronacaonline.it\/index.php\/wp-json\/wp\/v2\/types\/post"}],"author":[{"embeddable":true,"href":"https:\/\/www.cronacaonline.it\/index.php\/wp-json\/wp\/v2\/users\/2"}],"replies":[{"embeddable":true,"href":"https:\/\/www.cronacaonline.it\/index.php\/wp-json\/wp\/v2\/comments?post=236985"}],"version-history":[{"count":1,"href":"https:\/\/www.cronacaonline.it\/index.php\/wp-json\/wp\/v2\/posts\/236985\/revisions"}],"predecessor-version":[{"id":236986,"href":"https:\/\/www.cronacaonline.it\/index.php\/wp-json\/wp\/v2\/posts\/236985\/revisions\/236986"}],"wp:featuredmedia":[{"embeddable":true,"href":"https:\/\/www.cronacaonline.it\/index.php\/wp-json\/wp\/v2\/media\/229936"}],"wp:attachment":[{"href":"https:\/\/www.cronacaonline.it\/index.php\/wp-json\/wp\/v2\/media?parent=236985"}],"wp:term":[{"taxonomy":"category","embeddable":true,"href":"https:\/\/www.cronacaonline.it\/index.php\/wp-json\/wp\/v2\/categories?post=236985"},{"taxonomy":"post_tag","embeddable":true,"href":"https:\/\/www.cronacaonline.it\/index.php\/wp-json\/wp\/v2\/tags?post=236985"}],"curies":[{"name":"wp","href":"https:\/\/api.w.org\/{rel}","templated":true}]}}