{"id":236945,"date":"2023-06-08T19:55:13","date_gmt":"2023-06-08T17:55:13","guid":{"rendered":"https:\/\/www.cronacaonline.it\/?p=236945"},"modified":"2023-06-08T19:55:16","modified_gmt":"2023-06-08T17:55:16","slug":"statale-129-bis-lassessore-saiu-da-anas-impegno-per-lavvio-dei-lavori-di-ripristino-da-domani","status":"publish","type":"post","link":"https:\/\/www.cronacaonline.it\/index.php\/2023\/06\/08\/statale-129-bis-lassessore-saiu-da-anas-impegno-per-lavvio-dei-lavori-di-ripristino-da-domani\/","title":{"rendered":"Statale 129 bis, l&#8217;assessore Saiu: &#8220;Da Anas impegno per l&#8217;avvio dei lavori di ripristino da domani&#8221;."},"content":{"rendered":"\n<p>Cagliari, 8 Giu 2023\u00a0- La viabilit\u00e0 sulla SS129 bis Bosa-Macomer, nel tratto colpito dalle piogge torrenziali di domenica, riprender\u00e0 in tempi brevi. \u00c8 quanto emerso durante l'incontro convocato dall'assessore regionale dei Lavori Pubblici, Pierluigi Saiu, a cui hanno partecipato, in videoconferenza, i sindaci di Sindia, Macomer, Silanus, Bosa e il capo compartimento di Anas in Sardegna, Francesco Ruocco. \"Anas - dichiara l'assessore Saiu - ci ha comunicato l'immediato avvio dell'intervento per la sistemazione del manto stradale danneggiato dalle forti piogge che hanno colpito duramente la Sardegna centro settentrionale. Abbiamo avuto rassicurazione da Anas che i lavori partiranno gi\u00e0 da domani e si concluderanno a stretto giro. Questo consentir\u00e0 di rendere nuovamente percorribile la strada\".<\/p>\n\n\n\n<p>\"La SS 129 bis \u00e8 un'arteria strategica che collega il territorio con la SS 131. La riapertura del tratto danneggiato dall'alluvione eviter\u00e0 enormi disagi. Parliamo di una strada di competenza di Anas e per rispondere alle preoccupazioni del territorio abbiamo ritenuto indispensabile aprire immediatamente in Assessorato un tavolo di confronto che mettesse difronte la stessa Anas e i sindaci. Non possiamo che accogliere favorevolmente gli impegni presi per la rapida riapertura al traffico\", conclude l'esponente della Giunta. Com<\/p>\n","protected":false},"excerpt":{"rendered":"<p>Cagliari, 8 Giu 2023\u00a0&#8211; La viabilit\u00e0 sulla SS129 bis Bosa-Macomer, nel tratto colpito dalle piogge torrenziali di domenica, riprender\u00e0 in tempi brevi. \u00c8 quanto emerso&#8230;<\/p>\n","protected":false},"author":2,"featured_media":233219,"comment_status":"closed","ping_status":"open","sticky":false,"template":"","format":"standard","meta":[],"categories":[49,52],"tags":[],"_links":{"self":[{"href":"https:\/\/www.cronacaonline.it\/index.php\/wp-json\/wp\/v2\/posts\/236945"}],"collection":[{"href":"https:\/\/www.cronacaonline.it\/index.php\/wp-json\/wp\/v2\/posts"}],"about":[{"href":"https:\/\/www.cronacaonline.it\/index.php\/wp-json\/wp\/v2\/types\/post"}],"author":[{"embeddable":true,"href":"https:\/\/www.cronacaonline.it\/index.php\/wp-json\/wp\/v2\/users\/2"}],"replies":[{"embeddable":true,"href":"https:\/\/www.cronacaonline.it\/index.php\/wp-json\/wp\/v2\/comments?post=236945"}],"version-history":[{"count":1,"href":"https:\/\/www.cronacaonline.it\/index.php\/wp-json\/wp\/v2\/posts\/236945\/revisions"}],"predecessor-version":[{"id":236946,"href":"https:\/\/www.cronacaonline.it\/index.php\/wp-json\/wp\/v2\/posts\/236945\/revisions\/236946"}],"wp:featuredmedia":[{"embeddable":true,"href":"https:\/\/www.cronacaonline.it\/index.php\/wp-json\/wp\/v2\/media\/233219"}],"wp:attachment":[{"href":"https:\/\/www.cronacaonline.it\/index.php\/wp-json\/wp\/v2\/media?parent=236945"}],"wp:term":[{"taxonomy":"category","embeddable":true,"href":"https:\/\/www.cronacaonline.it\/index.php\/wp-json\/wp\/v2\/categories?post=236945"},{"taxonomy":"post_tag","embeddable":true,"href":"https:\/\/www.cronacaonline.it\/index.php\/wp-json\/wp\/v2\/tags?post=236945"}],"curies":[{"name":"wp","href":"https:\/\/api.w.org\/{rel}","templated":true}]}}