{"id":236928,"date":"2023-06-08T15:15:50","date_gmt":"2023-06-08T13:15:50","guid":{"rendered":"https:\/\/www.cronacaonline.it\/?p=236928"},"modified":"2023-06-08T15:15:53","modified_gmt":"2023-06-08T13:15:53","slug":"consiglio-sardegna-danni-causati-dal-maltempo-alle-attivita-agricole-audizione-in-commissione-attivita-produttive","status":"publish","type":"post","link":"https:\/\/www.cronacaonline.it\/index.php\/2023\/06\/08\/consiglio-sardegna-danni-causati-dal-maltempo-alle-attivita-agricole-audizione-in-commissione-attivita-produttive\/","title":{"rendered":"Consiglio Sardegna &#8211; Danni causati dal maltempo alle attivit\u00e0 agricole, audizione in commissione Attivit\u00e0 produttive."},"content":{"rendered":"\n<p>Cagliari, 8 giugno 2023 - Sono gi\u00e0 130 le aziende agricole e zootecniche, distribuite in 34 Comuni sardi, che hanno inviato all\u2019agenzia Laore la segnalazione di danni causati dalle forti piogge e dalle grandinate dello scorso maggio. Per adesso le aziende hanno inviato 128 segnalazioni per danni alle colture, mentre sono 2540 gli ettari di terreno e 51 le strutture danneggiate, oltre a 176 capi di bestiame morti. Sono alcuni dei dati, in continuo aggiornamento, forniti dal commissario straordinario dell\u2019Agenzia Laore, Gerolamo Solina, alla commissione Attivit\u00e0 produttive, presieduta da Piero Maieli (Psd\u2019Az), che ha sentito in audizione, oltre a Laore, anche i rappresentanti dell\u2019Anci Sardegna, il direttore generale dell\u2019Assessorato regionale dell\u2019Agricoltura, Copagri, Cia, Coldiretti e Confagricoltura sui \u201cdanni conseguenti agli eventi meteorologici avversi verificatesi nel territorio regionale\u201d. Una riunione, voluta dalla Commissione per fare il punto sui danni causati e per trovare le soluzioni pi\u00f9 rapide per dare sostegno alle aziende colpite. Sono situazioni che si stanno ripetendo, ha detto il presidente Maieli, e che preoccupano fortemente per i danni che stanno subendo le attivit\u00e0.\u00a0 Le situazioni pi\u00f9 gravi \u2013 hanno spiegato i rappresentanti delle associazioni di categoria \u2013 hanno riguardato le colture foraggere, i vigneti, gli uliveti e i frutteti, oltre a danni alle strutture, in particolare nelle aree del Meilogu, Logudoro, Goceano, ma anche parte del Cagliaritano e comuni come Fonni, Galtell\u00ec e Dorgali.<\/p>\n\n\n\n<p>Emiliano Deiana, presidente dell\u2019Anci si \u00e8 reso disponibile a collaborare con Laore e Assessorato dell\u2019Agricoltura per rendere pi\u00f9 rapide le comunicazioni con i Comuni sull\u2019iter da seguire per ottenere i risarcimenti. Deiana ha anche proposto un aggiornamento della Legge 28 del 1985, in modo che la Regione possa anticipare ai Comuni le risorse necessarie far fronte alle emergenze in attesa di ricevere i risarcimenti a conclusione dell\u2019iter previsto in legge. Deiana ha, inoltre, chiesto che vengano aggiornati anche i piani di rischio dei centri abitati. La Regione, ha spiegato il direttore generale dell\u2019assessorato dell\u2019Agricoltura, Agostino Curreli, utilizzer\u00e0 tutti gli strumenti a disposizione per dare sostegno alle attivit\u00e0 colpite, sia per la perdita di produzioni sia per i danni strutturali. Appena Laore invier\u00e0 i dati completi all\u2019assessorato, ha spiegato Curreli, invieremo tutto al Ministero. Maieli ha ribadito, in conclusione, la necessit\u00e0 di velocizzare le segnalazioni da parte dei Comuni per avere rapidamente i dati e quindi intervenire con tempestivit\u00e0 per reperire ed erogare le risorse necessarie al mondo agropastorale.<\/p>\n\n\n\n<p>Nel corso della seduta \u00e8 intervenuto il consigliere Salvatore Corrias (Pd), che ha proposto di preparare un emendamento al Collegato per consentire la modifica della legge 28 e ha chiesto all\u2019Assessorato di avere i dati di quanti piani di assetto idrogeologico siano stati aggiornati. Il presidente Maieli ha confermato la volont\u00e0 di trovare la soluzione pi\u00f9 rapida, anche in collaborazione con la commissione Bilancio. Com<\/p>\n","protected":false},"excerpt":{"rendered":"<p>Cagliari, 8 giugno 2023 &#8211; Sono gi\u00e0 130 le aziende agricole e zootecniche, distribuite in 34 Comuni sardi, che hanno inviato all\u2019agenzia Laore la segnalazione&#8230;<\/p>\n","protected":false},"author":2,"featured_media":192512,"comment_status":"closed","ping_status":"open","sticky":false,"template":"","format":"standard","meta":[],"categories":[49,52],"tags":[],"_links":{"self":[{"href":"https:\/\/www.cronacaonline.it\/index.php\/wp-json\/wp\/v2\/posts\/236928"}],"collection":[{"href":"https:\/\/www.cronacaonline.it\/index.php\/wp-json\/wp\/v2\/posts"}],"about":[{"href":"https:\/\/www.cronacaonline.it\/index.php\/wp-json\/wp\/v2\/types\/post"}],"author":[{"embeddable":true,"href":"https:\/\/www.cronacaonline.it\/index.php\/wp-json\/wp\/v2\/users\/2"}],"replies":[{"embeddable":true,"href":"https:\/\/www.cronacaonline.it\/index.php\/wp-json\/wp\/v2\/comments?post=236928"}],"version-history":[{"count":1,"href":"https:\/\/www.cronacaonline.it\/index.php\/wp-json\/wp\/v2\/posts\/236928\/revisions"}],"predecessor-version":[{"id":236929,"href":"https:\/\/www.cronacaonline.it\/index.php\/wp-json\/wp\/v2\/posts\/236928\/revisions\/236929"}],"wp:featuredmedia":[{"embeddable":true,"href":"https:\/\/www.cronacaonline.it\/index.php\/wp-json\/wp\/v2\/media\/192512"}],"wp:attachment":[{"href":"https:\/\/www.cronacaonline.it\/index.php\/wp-json\/wp\/v2\/media?parent=236928"}],"wp:term":[{"taxonomy":"category","embeddable":true,"href":"https:\/\/www.cronacaonline.it\/index.php\/wp-json\/wp\/v2\/categories?post=236928"},{"taxonomy":"post_tag","embeddable":true,"href":"https:\/\/www.cronacaonline.it\/index.php\/wp-json\/wp\/v2\/tags?post=236928"}],"curies":[{"name":"wp","href":"https:\/\/api.w.org\/{rel}","templated":true}]}}