{"id":236926,"date":"2023-06-08T15:15:07","date_gmt":"2023-06-08T13:15:07","guid":{"rendered":"https:\/\/www.cronacaonline.it\/?p=236926"},"modified":"2023-06-08T15:15:11","modified_gmt":"2023-06-08T13:15:11","slug":"socialdigi-il-progetto-di-educazione-digitale-della-regione-sardegna-arriva-a-vallermosa-farris-lavoriamo-per-favorire-la-piena-inclusione-e-crescita-di-tutti-i-sardi-nel-processo-di-trans","status":"publish","type":"post","link":"https:\/\/www.cronacaonline.it\/index.php\/2023\/06\/08\/socialdigi-il-progetto-di-educazione-digitale-della-regione-sardegna-arriva-a-vallermosa-farris-lavoriamo-per-favorire-la-piena-inclusione-e-crescita-di-tutti-i-sardi-nel-processo-di-trans\/","title":{"rendered":"SocialDig\u00ec, il progetto di educazione digitale della Regione Sardegna arriva a Vallermosa. Farris: \u201clavoriamo per favorire la piena inclusione e crescita di tutti i sardi nel processo di transizione digitale."},"content":{"rendered":"\n<p>Cagliari, 8 Giu 2023\u00a0\u2013 \u201cLa Regione Sardegna si impegna costantemente a favorire la piena inclusione di tutti i sardi nel processo di transizione digitale avviato dal Governo e finanziato attraverso i fondi del PNRR. Il nostro obiettivo \u00e8 quello di riuscire a coinvolgere il maggior numero possibile di cittadini. Dopo Villaspeciosa, Decimoputzu e Siliqua, il progetto SocialDig\u00ec prende il via a Vallermosa, con l\u2019importante supporto dell\u2019Unione dei Comuni Onte Idda e Fanaris e con l\u2019obiettivo di portare la digitalizzazione a disposizione di tutti\u201d. Lo afferma l\u2019Assessore degli Affari Generali, Personale e Riforma della Regione, Andreina Farris, commentando la nuova tappa, a Vallermosa, del progetto SocialDig\u00ec, il format messo a punto dalla Direzione Generale Innovazione Sicurezza IT indirizzato all\u2019utilizzo degli strumenti digitali per l\u2019accesso ai servizi online della Pubblica Amministrazione, con l\u2019obiettivo di favorire il processo di transizione digitale.\u00a0<\/p>\n\n\n\n<p>Gi\u00e0 attuato con piena partecipazione a Villaspeciosa, Decimoputzu e Siliqua, il progetto SocialDig\u00ec permette ai partecipanti di prendere dimestichezza, attraverso lezioni ed esercizi pratici organizzati in un percorso di venti ore, con i linguaggi, le operazioni e le modalit\u00e0 di accesso alla rete in piena sicurezza. Gli allievi - circa sessanta per Comune, suddivisi in quattro classi \u2013 imparano a scaricare documenti, creare e gestire una casella di posta elettronica e un profilo FaceBook, compilare form di iscrizione, scaricare analisi cliniche, attivare lo Spid (Sistema Pubblico d\u2019Identit\u00e0 Digitale), la Cns (Carta Nazionale dei Servizi) e la Cie (Carta d\u2019Identit\u00e0 Elettronica), ed effettuare pagamenti online alla Pago PA.&nbsp;<\/p>\n\n\n\n<p>\u201cNon dimentichiamo \u2013 conclude l\u2019assessore Farris \u2013 che la prima mail e il primo giornale online sono partiti proprio dalla Sardegna. Ringrazio il sindaco di Vallermosa, Francesco Spiga, per quanto fatto e per quello che concretamente sta facendo, Questo progetto \u00e8 fortemente voluto dal Presidente Solinas perch\u00e9 il futuro \u00e8 nella digitalizzazione\u201d. Com<\/p>\n","protected":false},"excerpt":{"rendered":"<p>Cagliari, 8 Giu 2023\u00a0\u2013 \u201cLa Regione Sardegna si impegna costantemente a favorire la piena inclusione di tutti i sardi nel processo di transizione digitale avviato&#8230;<\/p>\n","protected":false},"author":2,"featured_media":230097,"comment_status":"closed","ping_status":"open","sticky":false,"template":"","format":"standard","meta":[],"categories":[49,52],"tags":[],"_links":{"self":[{"href":"https:\/\/www.cronacaonline.it\/index.php\/wp-json\/wp\/v2\/posts\/236926"}],"collection":[{"href":"https:\/\/www.cronacaonline.it\/index.php\/wp-json\/wp\/v2\/posts"}],"about":[{"href":"https:\/\/www.cronacaonline.it\/index.php\/wp-json\/wp\/v2\/types\/post"}],"author":[{"embeddable":true,"href":"https:\/\/www.cronacaonline.it\/index.php\/wp-json\/wp\/v2\/users\/2"}],"replies":[{"embeddable":true,"href":"https:\/\/www.cronacaonline.it\/index.php\/wp-json\/wp\/v2\/comments?post=236926"}],"version-history":[{"count":1,"href":"https:\/\/www.cronacaonline.it\/index.php\/wp-json\/wp\/v2\/posts\/236926\/revisions"}],"predecessor-version":[{"id":236927,"href":"https:\/\/www.cronacaonline.it\/index.php\/wp-json\/wp\/v2\/posts\/236926\/revisions\/236927"}],"wp:featuredmedia":[{"embeddable":true,"href":"https:\/\/www.cronacaonline.it\/index.php\/wp-json\/wp\/v2\/media\/230097"}],"wp:attachment":[{"href":"https:\/\/www.cronacaonline.it\/index.php\/wp-json\/wp\/v2\/media?parent=236926"}],"wp:term":[{"taxonomy":"category","embeddable":true,"href":"https:\/\/www.cronacaonline.it\/index.php\/wp-json\/wp\/v2\/categories?post=236926"},{"taxonomy":"post_tag","embeddable":true,"href":"https:\/\/www.cronacaonline.it\/index.php\/wp-json\/wp\/v2\/tags?post=236926"}],"curies":[{"name":"wp","href":"https:\/\/api.w.org\/{rel}","templated":true}]}}