{"id":236919,"date":"2023-06-08T15:04:14","date_gmt":"2023-06-08T13:04:14","guid":{"rendered":"https:\/\/www.cronacaonline.it\/?p=236919"},"modified":"2023-06-08T15:04:17","modified_gmt":"2023-06-08T13:04:17","slug":"il-comune-di-cagliari-grazie-a-includis-offerti-68-tirocini-lavorativi-per-soggetti-con-disabilita","status":"publish","type":"post","link":"https:\/\/www.cronacaonline.it\/index.php\/2023\/06\/08\/il-comune-di-cagliari-grazie-a-includis-offerti-68-tirocini-lavorativi-per-soggetti-con-disabilita\/","title":{"rendered":"Il comune di Cagliari grazie a Includis offerti 68 tirocini lavorativi per soggetti con disabilit\u00e0."},"content":{"rendered":"\n<p>Cagliari, 8 Giu 2023 - Un primo traguardo \u00e8 stato raggiunto ma l'attivit\u00e0 del progetto \u201cIncludis\u201d non si ferma e, anzi, sono in fase di realizzazione nuove iniziative che favoriscano l'inclusione lavorativa per le persone con disabilit\u00e0.<\/p>\n\n\n\n<p>E con soddisfazione, ieri, mercoled\u00ec 7 giugno 2023 nel corso del Seminario \u201cBuone pressi per l'inclusione: il ruolo delle aziende ospitanti\u201d \u00e8 emerso, tra gli altri dati, l'interesante numero dei 68 inserimenti a tirocini lavorativi per altrettanti soggetti.<\/p>\n\n\n\n<p>\u201cSperiamo \u2013 ha spiegato l'Assessora alle Politiche Sociali del Comune di Cagliari, Viviana Lantini \u2013 che questi tirocini possano diventare stabili. Il Servizio Politiche Sociali del Comune ha messo in campo numerosi progetti per l'inclusione lavorativa delle persone con disabilit\u00e0. E tra questi c'\u00e8 Includis. Nel corso di questo Seminario abbiamo accolto con favore le testimonianze delle Aziende ospitanti e dei tutor dei tirocinanti che hanno evidenziato l'alto valore sociale dell'iniziativa e dei risultati raggiunti. Abbiamo avuto modo anche di dare uno sguardo al futuro con i rappresentanti della Regione Sardegna, dell'Aspal e delle cooperative sociali, per una rete sempre pi\u00f9 stretta tra le istituzioni\u201d.<\/p>\n\n\n\n<p>Il tutto con il fine comune di eliminare le distanze tra chi \u00e8 costretto a scontrarsi ogni giorno con la realt\u00e0 della disabilit\u00e0 ma che, per contro, vuole a tutti i costi rendersi utile con la sua attivit\u00e0 lavorativa. E in questo contesto opera il progetto \u201cIncludis\u201d che, arrivato a met\u00e0 del percorso, ha dato modo di avere una momento di riflessione per analizzare i risultati e pianificare al meglio le azioni future.<\/p>\n\n\n\n<p>\u201cSoprattutto condividendo \u2013 ha concluso l'Assessora Lantini - esperienze e criticit\u00e0 in modo da mettere le basi per coinvolgere sempre pi\u00f9 aziende nella realizzazione di progetti per l'inclusione socio-lavorativa di persone con disabilit\u00e0\u201d. Com<\/p>\n","protected":false},"excerpt":{"rendered":"<p>Cagliari, 8 Giu 2023 &#8211; Un primo traguardo \u00e8 stato raggiunto ma l&#8217;attivit\u00e0 del progetto \u201cIncludis\u201d non si ferma e, anzi, sono in fase di&#8230;<\/p>\n","protected":false},"author":2,"featured_media":236920,"comment_status":"closed","ping_status":"open","sticky":false,"template":"","format":"standard","meta":[],"categories":[49,52],"tags":[],"_links":{"self":[{"href":"https:\/\/www.cronacaonline.it\/index.php\/wp-json\/wp\/v2\/posts\/236919"}],"collection":[{"href":"https:\/\/www.cronacaonline.it\/index.php\/wp-json\/wp\/v2\/posts"}],"about":[{"href":"https:\/\/www.cronacaonline.it\/index.php\/wp-json\/wp\/v2\/types\/post"}],"author":[{"embeddable":true,"href":"https:\/\/www.cronacaonline.it\/index.php\/wp-json\/wp\/v2\/users\/2"}],"replies":[{"embeddable":true,"href":"https:\/\/www.cronacaonline.it\/index.php\/wp-json\/wp\/v2\/comments?post=236919"}],"version-history":[{"count":1,"href":"https:\/\/www.cronacaonline.it\/index.php\/wp-json\/wp\/v2\/posts\/236919\/revisions"}],"predecessor-version":[{"id":236921,"href":"https:\/\/www.cronacaonline.it\/index.php\/wp-json\/wp\/v2\/posts\/236919\/revisions\/236921"}],"wp:featuredmedia":[{"embeddable":true,"href":"https:\/\/www.cronacaonline.it\/index.php\/wp-json\/wp\/v2\/media\/236920"}],"wp:attachment":[{"href":"https:\/\/www.cronacaonline.it\/index.php\/wp-json\/wp\/v2\/media?parent=236919"}],"wp:term":[{"taxonomy":"category","embeddable":true,"href":"https:\/\/www.cronacaonline.it\/index.php\/wp-json\/wp\/v2\/categories?post=236919"},{"taxonomy":"post_tag","embeddable":true,"href":"https:\/\/www.cronacaonline.it\/index.php\/wp-json\/wp\/v2\/tags?post=236919"}],"curies":[{"name":"wp","href":"https:\/\/api.w.org\/{rel}","templated":true}]}}