{"id":236915,"date":"2023-06-08T12:44:55","date_gmt":"2023-06-08T10:44:55","guid":{"rendered":"https:\/\/www.cronacaonline.it\/?p=236915"},"modified":"2023-06-08T12:44:57","modified_gmt":"2023-06-08T10:44:57","slug":"diga-di-cumbidanovu-aggiudicato-lappalto-lassessore-saiu-raggiunto-un-grande-risultato-in-arrivo-altri-10-milioni-dalla-regione","status":"publish","type":"post","link":"https:\/\/www.cronacaonline.it\/index.php\/2023\/06\/08\/diga-di-cumbidanovu-aggiudicato-lappalto-lassessore-saiu-raggiunto-un-grande-risultato-in-arrivo-altri-10-milioni-dalla-regione\/","title":{"rendered":"Diga di Cumbidanovu, aggiudicato l\u2019appalto. L\u2019assessore Saiu: \u201craggiunto un grande risultato, in arrivo altri 10 milioni dalla regione\u201d."},"content":{"rendered":"\n<p>Cagliari, 8 Giu 2023\u00a0\u2013 Cumbidanovu verso la riapertura del cantiere per il completamento dell\u2019opera. \u00c8 stata infatti aggiudicata la gara d\u2019appalto per la realizzazione del primo lotto della diga sull\u2019alto Cedrino. Esprime soddisfazione l\u2019assessore regionale dei Lavori Pubblici, Pierluigi Saiu: \u201cLa Diga di Cumbidanovu \u00e8 una delle grandi incompiute d\u2019Italia, attesa da oltre trent\u2019anni. Il risultato che raccogliamo oggi \u00e8 frutto del grande lavoro dell\u2019Assessorato, del Ministero delle Infrastrutture e del Consorzio di bonifica della Sardegna Centrale. Un impegno che ha consentito, dopo il primo bando andato deserto a febbraio, di ridurre al massimo i tempi per la nuova gara, oggi chiusa con l\u2019aggiudicazione dei lavori per la parte pi\u00f9 importante dell\u2019opera. \u00c8 bene ricordare che oggi grazie al nuovo accordo tra Regione e Ministero delle Infrastrutture, con l\u2019incremento di 13,5 milioni di euro che andranno a coprire i maggiori costi dovuti agli incrementi dei materiali, abbiamo a disposizione le risorse necessarie al completamento del corpo diga. Cumbidanovu \u00e8 un\u2019infrastruttura fondamentale, strategica per il territorio\u201d.<\/p>\n\n\n\n<p>L\u2019opera, inserita nel Sistema idrico multisettoriale della Regione, avr\u00e0 una capacit\u00e0 pari a 13,32 milioni di metri cubi e sar\u00e0 destinata alla fornitura d\u2019acqua per gli usi irrigui di circa 2.800 ettari di terreni agricoli e per gli usi industriali con una portata continua di cinquanta litri al secondo nel territorio dei Comuni di Orgosolo, Oliena, Nuoro, Orune, Lula e Dorgali. La risorsa idrica accumulata sar\u00e0 poi destinata alla produzione di energia idroelettrica attraverso la realizzazione di una centrale.<\/p>\n\n\n\n<p>\u201cOra \u00e8 fondamentale accelerare non solo con il completamento della diga, ma anche sulle altre opere connesse necessarie per il suo funzionamento. A questo scopo abbiamo gi\u00e0 deliberato l\u2019assegnazione di 4,6 milioni di euro per la progettazione delle opere necessarie al collegamento della diga con l\u2019impianto di trattamento dei reflui di \u201cSu Tuvu\u201d e la realizzazione della centrale idroelettrica. Destinataria delle risorse \u00e8 la societ\u00e0 della Regione \u201cOpere e Infrastrutture della Sardegna\u201d. Il costo totale delle opere ulteriori in fase di progettazione \u00e8 stimato in oltre 160 milioni di euro. Dalla regione arriveranno al consorzio nelle prossime settimane altri 10 milioni, che si aggiungeranno quindi alla dotazione finanziaria gi\u00e0 disponibile, a conferma del fatto che stiamo mettendo in campo tutte le azioni e tutte le risorse necessarie a portare a compimento l\u2019opera\u201d.&nbsp;Com<\/p>\n","protected":false},"excerpt":{"rendered":"<p>Cagliari, 8 Giu 2023\u00a0\u2013 Cumbidanovu verso la riapertura del cantiere per il completamento dell\u2019opera. \u00c8 stata infatti aggiudicata la gara d\u2019appalto per la realizzazione del&#8230;<\/p>\n","protected":false},"author":2,"featured_media":234285,"comment_status":"closed","ping_status":"open","sticky":false,"template":"","format":"standard","meta":[],"categories":[49,52],"tags":[],"_links":{"self":[{"href":"https:\/\/www.cronacaonline.it\/index.php\/wp-json\/wp\/v2\/posts\/236915"}],"collection":[{"href":"https:\/\/www.cronacaonline.it\/index.php\/wp-json\/wp\/v2\/posts"}],"about":[{"href":"https:\/\/www.cronacaonline.it\/index.php\/wp-json\/wp\/v2\/types\/post"}],"author":[{"embeddable":true,"href":"https:\/\/www.cronacaonline.it\/index.php\/wp-json\/wp\/v2\/users\/2"}],"replies":[{"embeddable":true,"href":"https:\/\/www.cronacaonline.it\/index.php\/wp-json\/wp\/v2\/comments?post=236915"}],"version-history":[{"count":1,"href":"https:\/\/www.cronacaonline.it\/index.php\/wp-json\/wp\/v2\/posts\/236915\/revisions"}],"predecessor-version":[{"id":236916,"href":"https:\/\/www.cronacaonline.it\/index.php\/wp-json\/wp\/v2\/posts\/236915\/revisions\/236916"}],"wp:featuredmedia":[{"embeddable":true,"href":"https:\/\/www.cronacaonline.it\/index.php\/wp-json\/wp\/v2\/media\/234285"}],"wp:attachment":[{"href":"https:\/\/www.cronacaonline.it\/index.php\/wp-json\/wp\/v2\/media?parent=236915"}],"wp:term":[{"taxonomy":"category","embeddable":true,"href":"https:\/\/www.cronacaonline.it\/index.php\/wp-json\/wp\/v2\/categories?post=236915"},{"taxonomy":"post_tag","embeddable":true,"href":"https:\/\/www.cronacaonline.it\/index.php\/wp-json\/wp\/v2\/tags?post=236915"}],"curies":[{"name":"wp","href":"https:\/\/api.w.org\/{rel}","templated":true}]}}