{"id":236884,"date":"2023-06-07T20:11:28","date_gmt":"2023-06-07T18:11:28","guid":{"rendered":"https:\/\/www.cronacaonline.it\/?p=236884"},"modified":"2023-06-07T20:11:31","modified_gmt":"2023-06-07T18:11:31","slug":"radio-terapia-del-businco-lassessore-doria-nessuna-chiusura-siamo-al-lavoro-per-ridurre-al-minimo-i-disagi-ai-pazienti","status":"publish","type":"post","link":"https:\/\/www.cronacaonline.it\/index.php\/2023\/06\/07\/radio-terapia-del-businco-lassessore-doria-nessuna-chiusura-siamo-al-lavoro-per-ridurre-al-minimo-i-disagi-ai-pazienti\/","title":{"rendered":"Radio terapia del Businco, l\u2019assessore Doria: \u201cnessuna chiusura. Siamo al lavoro per ridurre al minimo i disagi ai pazienti."},"content":{"rendered":"\n<p>Cagliari, 7 Giu 2023\u00a0\u2013 \u201cL\u2019importante intervento d\u2019ammodernamento tecnologico in programma non comporter\u00e0 alcuna chiusura della radioterapia dell\u2019ospedale oncologico del Businco\u201d. L\u2019assessore regionale della Sanit\u00e0, Carlo Doria, insieme ai vertici dell\u2019Arnas Brotzu, l\u2019azienda sanitaria che fa capo al Businco, ha cos\u00ec fatto chiarezza, nel corso di un incontro convocato oggi a margine del vertice strategico con la stessa Arnas Brotzu, l\u2019Asl di Nuoro, l\u2019Aou di Sassari e il Mater Olbia, sulle operazioni in corso che comporteranno la dismissione dei quattro macchinari vecchi di 15 anni e la sostituzione con altrettante nuove apparecchiature nell\u2019ospedale oncologico centro di riferimento per la Sardegna.<\/p>\n\n\n\n<p>\u201cNel corso dell\u2019intervento di ammodernamento della radioterapia al&nbsp;Businco \u2013 sottolinea l\u2019assessore Doria \u2013 resteranno sempre in funzione due macchinari e non uno, diversamente da quanto prospettato inizialmente. Dai primi di luglio grazie a una riorganizzazione, che porter\u00e0 ad allungare i tempi delle sedute fino alle 23, abbiamo calcolato che il numero di prestazioni erogate dalle due macchine che resteranno in funzione andranno a essere di poco al di sotto di quelle finora erogate con quattro apparecchiature. Dal 15 ottobre avremo in funzione la prima delle nuove apparecchiature. Parliamo di macchinari per la radioterapia all\u2019avanguardia con prestazioni elevatissime che consentono, con sole tre sedute, di ottenere gli stessi risultati che si otterrebbero con trenta effettuate con i vecchi macchinari ora in dismissione. Questo ci consentir\u00e0 di accelerare e di incrementare ulteriormente le prestazioni, riducendo quindi i disagi\u201d.<\/p>\n\n\n\n<p>\u201cL\u2019ammodernamento in corso \u2013 sottolinea l\u2019assessore \u2013 \u00e8 assolutamente necessario e non \u00e8 pi\u00f9 procrastinabile. \u00c8 bene precisare che le vecchie radioterapie sono uscite fuori produzione e oggi non esistono pi\u00f9 nemmeno i pezzi di ricambio. Allungare i tempi per la loro sostituzione avrebbe comportato rischi enormi, decisamente superiori ai disagi dovuti alla transizione che, invece, gestiremo al meglio grazie all\u2019impegno e allo sforzo comune dell\u2019Arnas Brotzu e delle altre aziende dell\u2019Isola. L\u2019obiettivo \u00e8 mantenere in questi mesi tutti i trattamenti al Businco, ma metteremo in campo ogni possibile soluzione per rafforzare gli altri servizi presenti in Sardegna per dare supporto all\u2019ospedale di Cagliari centro di riferimento regionale per l\u2019oncologia\u201d.<\/p>\n\n\n\n<p>L\u2019assessore si \u00e8 poi soffermato sulle ricadute dell\u2019ammodernamento reso possibile grazie a un investimento da circa 20 milioni di euro di risorse del Cipe e del Pnrr con il cofinanziamento della Regione: \u201cI benefici attesi dalle nuove apparecchiature sono importanti, sia per la qualit\u00e0 delle cure, sia per i tempi d\u2019attesa drasticamente ridotti\u201d, conclude l\u2019esponente della Giunta sarda. Com<\/p>\n","protected":false},"excerpt":{"rendered":"<p>Cagliari, 7 Giu 2023\u00a0\u2013 \u201cL\u2019importante intervento d\u2019ammodernamento tecnologico in programma non comporter\u00e0 alcuna chiusura della radioterapia dell\u2019ospedale oncologico del Businco\u201d. L\u2019assessore regionale della Sanit\u00e0, Carlo&#8230;<\/p>\n","protected":false},"author":2,"featured_media":236885,"comment_status":"closed","ping_status":"open","sticky":false,"template":"","format":"standard","meta":[],"categories":[49,52],"tags":[],"_links":{"self":[{"href":"https:\/\/www.cronacaonline.it\/index.php\/wp-json\/wp\/v2\/posts\/236884"}],"collection":[{"href":"https:\/\/www.cronacaonline.it\/index.php\/wp-json\/wp\/v2\/posts"}],"about":[{"href":"https:\/\/www.cronacaonline.it\/index.php\/wp-json\/wp\/v2\/types\/post"}],"author":[{"embeddable":true,"href":"https:\/\/www.cronacaonline.it\/index.php\/wp-json\/wp\/v2\/users\/2"}],"replies":[{"embeddable":true,"href":"https:\/\/www.cronacaonline.it\/index.php\/wp-json\/wp\/v2\/comments?post=236884"}],"version-history":[{"count":1,"href":"https:\/\/www.cronacaonline.it\/index.php\/wp-json\/wp\/v2\/posts\/236884\/revisions"}],"predecessor-version":[{"id":236886,"href":"https:\/\/www.cronacaonline.it\/index.php\/wp-json\/wp\/v2\/posts\/236884\/revisions\/236886"}],"wp:featuredmedia":[{"embeddable":true,"href":"https:\/\/www.cronacaonline.it\/index.php\/wp-json\/wp\/v2\/media\/236885"}],"wp:attachment":[{"href":"https:\/\/www.cronacaonline.it\/index.php\/wp-json\/wp\/v2\/media?parent=236884"}],"wp:term":[{"taxonomy":"category","embeddable":true,"href":"https:\/\/www.cronacaonline.it\/index.php\/wp-json\/wp\/v2\/categories?post=236884"},{"taxonomy":"post_tag","embeddable":true,"href":"https:\/\/www.cronacaonline.it\/index.php\/wp-json\/wp\/v2\/tags?post=236884"}],"curies":[{"name":"wp","href":"https:\/\/api.w.org\/{rel}","templated":true}]}}