{"id":236867,"date":"2023-06-07T16:34:27","date_gmt":"2023-06-07T14:34:27","guid":{"rendered":"https:\/\/www.cronacaonline.it\/?p=236867"},"modified":"2023-06-07T16:34:30","modified_gmt":"2023-06-07T14:34:30","slug":"consiglio-sardegna-eolico-audizioni-in-quinta-commissione","status":"publish","type":"post","link":"https:\/\/www.cronacaonline.it\/index.php\/2023\/06\/07\/consiglio-sardegna-eolico-audizioni-in-quinta-commissione\/","title":{"rendered":"Consiglio Sardegna &#8211; Eolico, audizioni in Quinta Commissione."},"content":{"rendered":"\n<p>Cagliari 7 Giu 2023 \u2013 Sono circa 300 le richieste presentate dalle societ\u00e0 energetiche a Ministero e Regione per la realizzazione di impianti per la produzione di energia fa fonti rinnovabili. Lo ha detto l\u2019assessore all\u2019Ambiente Marco Porcu che questa mattina, con la collega all\u2019Industria Anita Pili, ha partecipato alla seduta della Commissione \u201cAttivit\u00e0 Produttive\u201d convocata per discutere delle problematiche legate ai progetti per nuovi parchi eolici in zone di particolare pregio ambientale e in siti di rilevanza culturale. \u00abNe arrivano circa 30\/40 a settimana \u2013 ha proseguito Porcu \u2013 su questi progetti la Regione pu\u00f2 esprimere solo un parere non vincolante. Questo prevede il Decreto Draghi. La Giunta vuole evitare che questi impianti arrechino danni all\u2019ambiente. Serve fare chiarezza coinvolgendo i comuni nei cui territori ricadono gli interventi. Ora c\u2019\u00e8 molta confusione, occorrerebbe capire, prima di tutto, qual \u00e8 il fabbisogno assegnato alla Sardegna per la produzione di energia e in base a quello pensare a una pianificazione con l\u2019individuazione delle aree idonee\u00bb.<\/p>\n\n\n\n<p>Anche l\u2019assessore Anita Pili ha sottolineato la necessit\u00e0 di correggere le procedure autorizzative per la realizzazione di parchi eolici e fotovoltaici: \u00abDiciamo no a una procedura calata dall\u2019alto \u2013 ha detto Pili \u2013 siamo pronti a dare il nostro contributo per la transizione energetica ma questo non pu\u00f2 essere fatto senza tener conto della realt\u00e0 locali\u00bb. Pili ha poi spiegato che le Regioni, in questa materia hanno le mani legate. Il decreto Draghi prevede la possibilit\u00e0 di realizzare nuovi impianti in tutte le aree non coperte da vincoli. Normativa che impedisce alle Regioni di legiferare se non all\u2019interno di una \u201clegge quadro\u201d nazionale e dopo l\u2019approvazione dei decreti attuativi che finora non c\u2019\u00e8 stata. \u00abOra, finalmente, abbiamo notizia di una bozza che a met\u00e0 giugno sar\u00e0 consegnata dal Ministero alla Conferenza Stato Regioni. In base a quel documento si potr\u00e0 fare un ragionamento compiuto \u2013 ha proseguito l\u2019assessora - \u00e8 indubbio che servano dei correttivi\u00bb.<\/p>\n\n\n\n<p>Critiche all\u2019operato dalla Giunta sono arrivate dai consiglieri di opposizione: \u00abIn materia di energia niente \u00e8 stato fatto da questa maggioranza \u2013 ha detto la consigliera di Alleanza Europa Verde-Sinistra Possibile-Art1 Maria Laura Orr\u00f9 \u2013 manca una visione di insieme, la Sardegna si \u00e8 fatta trovare impreparata. Avete una responsabilit\u00e0 enorme per quanto sta accadendo. Il tema va portato immediatamente all\u2019attenzione del Consiglio\u00bb.<\/p>\n\n\n\n<p>Per Gianfranco Satta (Progressisti): \u00abNon \u00e8 vero che non si pu\u00f2 fare niente per bloccare l\u2019assalto dell\u2019eolico in Sardegna. La Regione \u00e8 pienamente legittimata a dire dove devono essere realizzati gli impianti come fece Soru nel 2004 bloccando alcuni interventi gi\u00e0 in fase avanzata. La realt\u00e0 \u00e8 che non volete esercitare questi poteri\u00bb.<\/p>\n\n\n\n<p>Anche dai banchi della maggioranza sono arrivate sollecitazioni a fare di pi\u00f9: \u00abL\u2019energia rappresenta un settore strategico per la Sardegna \u2013 ha detto il capogruppo della Lega Michele Ennas \u2013 eppure non lo si affronta come si deve. E\u2019 arrivato il momento di approfondire l\u2019argomento e di coinvolgere l\u2019intero Consiglio. Sarebbe opportuno creare una subcommissione che si occupi solo di questo\u00bb.<\/p>\n\n\n\n<p>Il consigliere del Pd Salvatore Corrias, infine, ha suggerito alla Giunta di presentare dati pi\u00f9 precisi sugli interventi che si vorrebbero realizzare in Sardegna. \u00abSenza questi dati \u00e8 difficile ragionare\u00bb. L\u2019assessore Porcu ha accolto la richiesta annunciando la presentazione di una relazione dettagliata alla Commissione per la prossima settimana. Com<\/p>\n","protected":false},"excerpt":{"rendered":"<p>Cagliari 7 Giu 2023 \u2013 Sono circa 300 le richieste presentate dalle societ\u00e0 energetiche a Ministero e Regione per la realizzazione di impianti per la&#8230;<\/p>\n","protected":false},"author":2,"featured_media":192512,"comment_status":"closed","ping_status":"open","sticky":false,"template":"","format":"standard","meta":[],"categories":[49,52],"tags":[],"_links":{"self":[{"href":"https:\/\/www.cronacaonline.it\/index.php\/wp-json\/wp\/v2\/posts\/236867"}],"collection":[{"href":"https:\/\/www.cronacaonline.it\/index.php\/wp-json\/wp\/v2\/posts"}],"about":[{"href":"https:\/\/www.cronacaonline.it\/index.php\/wp-json\/wp\/v2\/types\/post"}],"author":[{"embeddable":true,"href":"https:\/\/www.cronacaonline.it\/index.php\/wp-json\/wp\/v2\/users\/2"}],"replies":[{"embeddable":true,"href":"https:\/\/www.cronacaonline.it\/index.php\/wp-json\/wp\/v2\/comments?post=236867"}],"version-history":[{"count":1,"href":"https:\/\/www.cronacaonline.it\/index.php\/wp-json\/wp\/v2\/posts\/236867\/revisions"}],"predecessor-version":[{"id":236868,"href":"https:\/\/www.cronacaonline.it\/index.php\/wp-json\/wp\/v2\/posts\/236867\/revisions\/236868"}],"wp:featuredmedia":[{"embeddable":true,"href":"https:\/\/www.cronacaonline.it\/index.php\/wp-json\/wp\/v2\/media\/192512"}],"wp:attachment":[{"href":"https:\/\/www.cronacaonline.it\/index.php\/wp-json\/wp\/v2\/media?parent=236867"}],"wp:term":[{"taxonomy":"category","embeddable":true,"href":"https:\/\/www.cronacaonline.it\/index.php\/wp-json\/wp\/v2\/categories?post=236867"},{"taxonomy":"post_tag","embeddable":true,"href":"https:\/\/www.cronacaonline.it\/index.php\/wp-json\/wp\/v2\/tags?post=236867"}],"curies":[{"name":"wp","href":"https:\/\/api.w.org\/{rel}","templated":true}]}}