{"id":236832,"date":"2023-06-07T09:01:24","date_gmt":"2023-06-07T07:01:24","guid":{"rendered":"https:\/\/www.cronacaonline.it\/?p=236832"},"modified":"2023-06-07T09:01:27","modified_gmt":"2023-06-07T07:01:27","slug":"collegato-alla-finanziaria-regione-sardegna-dichiarazione-del-consigliere-di-fi-emanuele-cera","status":"publish","type":"post","link":"https:\/\/www.cronacaonline.it\/index.php\/2023\/06\/07\/collegato-alla-finanziaria-regione-sardegna-dichiarazione-del-consigliere-di-fi-emanuele-cera\/","title":{"rendered":"Collegato alla finanziaria Regione Sardegna: dichiarazione del consigliere di Fi Emanuele Cera."},"content":{"rendered":"\n<p>Cagliari, 7 Giu 2023 - Tanta confusione e diverse palesi contraddizioni nel disegno di legge collegato alla finanziaria trattato ieri nella Commissione bilancio del consiglio regionale, lo ha dichiarato il consigliere regionale azzurro Emanuele Cera che sollecita un incontro\/confronto di maggioranza sull\u2019argomento prima di andare in aula per la sua approvazione. E questo succede perch\u00e9 da sempre in questa legislatura \u00e8 mancato il confronto e il dialogo ed \u00e8 sempre pi\u00f9 evidente lo scollamento e la distanza che esiste tra la giunta e il consiglio. Nella sostanza, dichiara il consigliere Cera, ognuno si sente legittimato ad agire e muoversi in autonomia senza riferimento alcuno, senza rispetto degli accordi e degli impegni presi, caos totale, un amara ma palese constatazione che ha causato l\u2019accumulo di forti ritardi e dimostrato scarsa visione politica e amministrativa.<\/p>\n\n\n\n<p>Ancora ieri la giunta ha presentato in commissione bilancio, senza averli concordati con nessuno, decine di emendamenti completamente scollati e lontani da una visione d\u2019insieme che necessit\u00e0 in ogni amministrazione che si rispetti. Personalmente sono stato costretto a ritirare importanti proposte che avevo presentato per il territorio e per la nostra provincia, quella di Oristano, proposte reiterate nel tempo e oggetto di impegni pubblici della giunta, non intendo escludermi dal confronto e dalla ripresentazione in aula, sto parlando nello specifico di un intervento in favore del Consorzio Industriale che \u201csalverebbe\u201d tutti i cittadini della provincia da un incremento considerevole di costi di conferimento dei rifiuti all\u2019impianto di Arborea e il conseguente aumento della tassa anche del 30%, emendamento presentato congiuntamente a tutti i colleghi Oristanesi. Niente, Oristano non pu\u00f2 passare, perch\u00e9 l\u2019emendamento contiene norma finanziaria, passa per\u00f2, su proposta della giunta, un emendamento \u201cfresco di giornata\u201d per finanziare l\u2019impianto di trattamento di Tossilo ed altri aventi norma finanziaria. Un\u2019altra proposta, il finanziamento di un progetto sperimentale sulla Zona Vulnerabile Nitrati, eviterebbe una sicura infrazione comunitaria alla Regione, anche questo oggetto di precedente impegno, non lo si vuole finanziare, cos\u00ec come non si vogliono accettare altri emendamenti di carattere normativo presentati da Forza Italia. Per ci\u00f2 che mi riguarda, afferma il consigliere azzurro, se non verranno prese in considerazione le nostre proposte, sar\u00f2 costretto, mio malgrado, a non votare il collegato, invito i colleghi a fare altrettanto, cos\u00ec come inviter\u00f2 i colleghi di partito ad un incontro urgente e necessario per cercare di capire in quale direzione andare e quale posizione politica assumere, nella sostanza, chieder\u00f2 al partito di porre un problema politico sull\u2019andamento di questa ultima fase di legislatura e in modo particolare sulla gestione di questo importante provvedimento che \u201caveva\u201d l\u2019obiettivo di dare tante risposte ai sardi e alla Sardegna. Com<\/p>\n","protected":false},"excerpt":{"rendered":"<p>Cagliari, 7 Giu 2023 &#8211; Tanta confusione e diverse palesi contraddizioni nel disegno di legge collegato alla finanziaria trattato ieri nella Commissione bilancio del consiglio&#8230;<\/p>\n","protected":false},"author":2,"featured_media":192513,"comment_status":"closed","ping_status":"open","sticky":false,"template":"","format":"standard","meta":[],"categories":[49,52],"tags":[],"_links":{"self":[{"href":"https:\/\/www.cronacaonline.it\/index.php\/wp-json\/wp\/v2\/posts\/236832"}],"collection":[{"href":"https:\/\/www.cronacaonline.it\/index.php\/wp-json\/wp\/v2\/posts"}],"about":[{"href":"https:\/\/www.cronacaonline.it\/index.php\/wp-json\/wp\/v2\/types\/post"}],"author":[{"embeddable":true,"href":"https:\/\/www.cronacaonline.it\/index.php\/wp-json\/wp\/v2\/users\/2"}],"replies":[{"embeddable":true,"href":"https:\/\/www.cronacaonline.it\/index.php\/wp-json\/wp\/v2\/comments?post=236832"}],"version-history":[{"count":1,"href":"https:\/\/www.cronacaonline.it\/index.php\/wp-json\/wp\/v2\/posts\/236832\/revisions"}],"predecessor-version":[{"id":236833,"href":"https:\/\/www.cronacaonline.it\/index.php\/wp-json\/wp\/v2\/posts\/236832\/revisions\/236833"}],"wp:featuredmedia":[{"embeddable":true,"href":"https:\/\/www.cronacaonline.it\/index.php\/wp-json\/wp\/v2\/media\/192513"}],"wp:attachment":[{"href":"https:\/\/www.cronacaonline.it\/index.php\/wp-json\/wp\/v2\/media?parent=236832"}],"wp:term":[{"taxonomy":"category","embeddable":true,"href":"https:\/\/www.cronacaonline.it\/index.php\/wp-json\/wp\/v2\/categories?post=236832"},{"taxonomy":"post_tag","embeddable":true,"href":"https:\/\/www.cronacaonline.it\/index.php\/wp-json\/wp\/v2\/tags?post=236832"}],"curies":[{"name":"wp","href":"https:\/\/api.w.org\/{rel}","templated":true}]}}