{"id":236755,"date":"2023-06-05T18:50:25","date_gmt":"2023-06-05T16:50:25","guid":{"rendered":"https:\/\/www.cronacaonline.it\/?p=236755"},"modified":"2023-06-05T18:50:28","modified_gmt":"2023-06-05T16:50:28","slug":"carabinieri-lassessore-pili-a-oristano-per-il-209mo-anniversario-della-fondazione-dellarma-dei-carabinieri","status":"publish","type":"post","link":"https:\/\/www.cronacaonline.it\/index.php\/2023\/06\/05\/carabinieri-lassessore-pili-a-oristano-per-il-209mo-anniversario-della-fondazione-dellarma-dei-carabinieri\/","title":{"rendered":"Carabinieri, l\u2019assessore Pili a Oristano per il 209mo anniversario della Fondazione dell\u2019Arma dei carabinieri."},"content":{"rendered":"\n<p>Cagliari, 5 Giu 2023\u00a0- L\u2019assessore regionale dell\u2019Industria, Anita Pili, ha preso parte questa mattina a Oristano alle celebrazioni per il 209\u00b0 anniversario dell\u2019Arma dei Carabinieri.<\/p>\n\n\n\n<p>\u201cLa Regione \u00e8 vicina alle forze dell\u2019ordine nella pi\u00f9 sincera collaborazione istituzionale\u201d ha detto Anita Pili. \u201cRingrazio il Comandante di Oristano, Colonnello Erasmo Fontana, e tutti i Carabinieri che, ogni giorno, instancabilmente proteggono la nostra sicurezza e tutelano la nostra libert\u00e0. Donne e Uomini che con passione e senso di appartenenza, rappresentano per le nostre comunit\u00e0 esempi di dedizione, professionalit\u00e0 e umanit\u00e0. \u00c8 importante celebrare questa occasione per ricordarci che i Carabinieri svolgono un ruolo fondamentale non solo nella prevenzione dei reati ma anche nella lotta a tutte le forme di violenza e discriminazione. Le cronache \u2013 sottolinea l\u2019assessore Pili \u2013 purtroppo ci dimostrano quotidianamente che non possiamo permetterci di abbassare la guardia: in questi giorni in cui l\u2019Italia piange l\u2019ennesima vittima di femminicidio, dobbiamo renderci conto che \u00e8 necessario rafforzare la sinergia tra Istituzioni e forze dell\u2019ordine, la cui presenza deve sempre essere vista dalle cittadine e dai cittadini come una garanzia di sicurezza e la possibilit\u00e0 costante di ascolto\u201d.<\/p>\n\n\n\n<p>\u201cUn ringraziamento \u2013 ha concluso l\u2019esponente della Giunta sarda -&nbsp;&nbsp;va anche alle dirigenze scolastiche che hanno consentito ai bambini delle elementari e ai ragazzi delle scuole medie di partecipare alla cerimonia, con l\u2019obiettivo di sentire pi\u00f9 vicine le istituzioni\u201d.&nbsp;Com<\/p>\n","protected":false},"excerpt":{"rendered":"<p>Cagliari, 5 Giu 2023\u00a0&#8211; L\u2019assessore regionale dell\u2019Industria, Anita Pili, ha preso parte questa mattina a Oristano alle celebrazioni per il 209\u00b0 anniversario dell\u2019Arma dei Carabinieri.&#8230;<\/p>\n","protected":false},"author":2,"featured_media":236756,"comment_status":"closed","ping_status":"open","sticky":false,"template":"","format":"standard","meta":[],"categories":[49,52],"tags":[],"_links":{"self":[{"href":"https:\/\/www.cronacaonline.it\/index.php\/wp-json\/wp\/v2\/posts\/236755"}],"collection":[{"href":"https:\/\/www.cronacaonline.it\/index.php\/wp-json\/wp\/v2\/posts"}],"about":[{"href":"https:\/\/www.cronacaonline.it\/index.php\/wp-json\/wp\/v2\/types\/post"}],"author":[{"embeddable":true,"href":"https:\/\/www.cronacaonline.it\/index.php\/wp-json\/wp\/v2\/users\/2"}],"replies":[{"embeddable":true,"href":"https:\/\/www.cronacaonline.it\/index.php\/wp-json\/wp\/v2\/comments?post=236755"}],"version-history":[{"count":1,"href":"https:\/\/www.cronacaonline.it\/index.php\/wp-json\/wp\/v2\/posts\/236755\/revisions"}],"predecessor-version":[{"id":236757,"href":"https:\/\/www.cronacaonline.it\/index.php\/wp-json\/wp\/v2\/posts\/236755\/revisions\/236757"}],"wp:featuredmedia":[{"embeddable":true,"href":"https:\/\/www.cronacaonline.it\/index.php\/wp-json\/wp\/v2\/media\/236756"}],"wp:attachment":[{"href":"https:\/\/www.cronacaonline.it\/index.php\/wp-json\/wp\/v2\/media?parent=236755"}],"wp:term":[{"taxonomy":"category","embeddable":true,"href":"https:\/\/www.cronacaonline.it\/index.php\/wp-json\/wp\/v2\/categories?post=236755"},{"taxonomy":"post_tag","embeddable":true,"href":"https:\/\/www.cronacaonline.it\/index.php\/wp-json\/wp\/v2\/tags?post=236755"}],"curies":[{"name":"wp","href":"https:\/\/api.w.org\/{rel}","templated":true}]}}