{"id":236615,"date":"2023-06-01T14:17:05","date_gmt":"2023-06-01T12:17:05","guid":{"rendered":"https:\/\/www.cronacaonline.it\/?p=236615"},"modified":"2023-06-01T14:17:08","modified_gmt":"2023-06-01T12:17:08","slug":"consiglio-sardegna-commissione-cultura-audizioni-sulla-situazione-del-liceo-alberti-di-cagliari-e-sullo-sportello-linguistico-regionale-rinviata-laudizione-dellassessore-biancare","status":"publish","type":"post","link":"https:\/\/www.cronacaonline.it\/index.php\/2023\/06\/01\/consiglio-sardegna-commissione-cultura-audizioni-sulla-situazione-del-liceo-alberti-di-cagliari-e-sullo-sportello-linguistico-regionale-rinviata-laudizione-dellassessore-biancare\/","title":{"rendered":"Consiglio Sardegna &#8211; Commissione cultura, audizioni sulla situazione del liceo Alberti di Cagliari e sullo sportello linguistico regionale. Rinviata l\u2019audizione dell\u2019assessore Biancareddu per mancanza del numero legale."},"content":{"rendered":"\n<p>Cagliari, 1 Giu 2023 \u2013 La situazione del liceo scientifico di Cagliari \u201cAlberti\u201d, in particolare la sede di viale Colombo, \u00e8 stata approfondita nel corso della seduta della commissione Cultura, presieduta da Sara Canu (FdI), che ha sentito ieri in audizione il dirigente scolastico Roberto Bernardini, il consigliere e delegato alla Pubblica istruzione della Citt\u00e0 metropolitana di Cagliari, Alessandro Balletto, Davide Magnini, rappresentante del Consiglio di Istituto, Andrea Loi, dirigente della Citt\u00e0 Metropolitana, e i rappresentanti degli studenti. Il dirigente ha chiesto di avere chiarezza sulla situazione della sede di via Colombo, in parte inutilizzabile perch\u00e9 non sicura. In particolare, il dirigente ha spiegato, che sono state chiuse cinque aule, il laboratorio di chimica e l\u2019accesso carrabile. Il dirigente Bernardini ha anche ricordato che oltre il 60% dei circa 1200 studenti iscritti al liceo Alberti arriva dall\u2019hinterland cagliaritano. I rappresentanti della Citt\u00e0 metropolitana hanno manifestato la massima disponibilit\u00e0 a trovare soluzioni nell\u2019immediato e per il futuro, ma hanno spiegato che l\u2019attuazione del piano regolatore dell\u2019Autorit\u00e0 portuale, previsto entro il 2026, non consentirebbe di mantenere l\u2019utilizzo della struttura di viale Colombo per il tempo necessario, previsto per legge, ossia almeno cinque anni, per avviare investimenti sulla struttura. La Commissione continuer\u00e0 ad approfondire la situazione e sentir\u00e0 in audizione i vertici dell\u2019Autorit\u00e0 portuale, per capire meglio le tempiste per l\u2019attuazione del piano regolatore. Nel corso della seduta sono intervenuti la vice presidente Desir\u00e8 Manca (M5S), la consigliera Alessandra Zedda (FI), il consigliere Franco Stara (Udc \u2013 Sardegna al centro), Laura Caddeo (Alleanza Europa Verde \u2013 Sinistra \u2013 Possibile \u2013 Art.1).<\/p>\n\n\n\n<p>La Commissione ha poi sentito in audizione due operatori di lingua Sarda, Ignazia Atzei e Antonio Garau, che hanno chiesto la possibilit\u00e0 di poter estendere la partecipazione al concorso per quattro esperti di lingua sarda e uno di lingua catalana anche ai non laureati. I due lavoratori hanno evidenziato la loro esperienza ventennale e hanno chiesto la possibilit\u00e0, seppur con un punteggio diverso da quello dei laureati, di non essere esclusi dalla possibilit\u00e0 di entrare nella graduatoria. La Commissione ha dato la disponibilit\u00e0 ad approfondire la situazione con l\u2019assessore regionale della Pubblica Istruzione.<\/p>\n\n\n\n<p>I lavori della Commissione si sono poi interrotti per mancanza del numero legale ed \u00e8 quindi stata rinviata l\u2019audizione dell\u2019assessore regionale della Pubblica Istruzione, Andrea Biancareddu, sul programma di incentivazione delle lingue di minoranza parlate in Sardegna. Com<\/p>\n","protected":false},"excerpt":{"rendered":"<p>Cagliari, 1 Giu 2023 \u2013 La situazione del liceo scientifico di Cagliari \u201cAlberti\u201d, in particolare la sede di viale Colombo, \u00e8 stata approfondita nel corso&#8230;<\/p>\n","protected":false},"author":2,"featured_media":192512,"comment_status":"closed","ping_status":"open","sticky":false,"template":"","format":"standard","meta":[],"categories":[49,52],"tags":[],"_links":{"self":[{"href":"https:\/\/www.cronacaonline.it\/index.php\/wp-json\/wp\/v2\/posts\/236615"}],"collection":[{"href":"https:\/\/www.cronacaonline.it\/index.php\/wp-json\/wp\/v2\/posts"}],"about":[{"href":"https:\/\/www.cronacaonline.it\/index.php\/wp-json\/wp\/v2\/types\/post"}],"author":[{"embeddable":true,"href":"https:\/\/www.cronacaonline.it\/index.php\/wp-json\/wp\/v2\/users\/2"}],"replies":[{"embeddable":true,"href":"https:\/\/www.cronacaonline.it\/index.php\/wp-json\/wp\/v2\/comments?post=236615"}],"version-history":[{"count":1,"href":"https:\/\/www.cronacaonline.it\/index.php\/wp-json\/wp\/v2\/posts\/236615\/revisions"}],"predecessor-version":[{"id":236616,"href":"https:\/\/www.cronacaonline.it\/index.php\/wp-json\/wp\/v2\/posts\/236615\/revisions\/236616"}],"wp:featuredmedia":[{"embeddable":true,"href":"https:\/\/www.cronacaonline.it\/index.php\/wp-json\/wp\/v2\/media\/192512"}],"wp:attachment":[{"href":"https:\/\/www.cronacaonline.it\/index.php\/wp-json\/wp\/v2\/media?parent=236615"}],"wp:term":[{"taxonomy":"category","embeddable":true,"href":"https:\/\/www.cronacaonline.it\/index.php\/wp-json\/wp\/v2\/categories?post=236615"},{"taxonomy":"post_tag","embeddable":true,"href":"https:\/\/www.cronacaonline.it\/index.php\/wp-json\/wp\/v2\/tags?post=236615"}],"curies":[{"name":"wp","href":"https:\/\/api.w.org\/{rel}","templated":true}]}}