{"id":236610,"date":"2023-06-01T12:15:36","date_gmt":"2023-06-01T10:15:36","guid":{"rendered":"https:\/\/www.cronacaonline.it\/?p=236610"},"modified":"2023-06-01T12:15:39","modified_gmt":"2023-06-01T10:15:39","slug":"insularita-il-presidente-sardegna-regione-impegnata-per-declinare-in-atti-concreti-il-principio-in-costituzione","status":"publish","type":"post","link":"https:\/\/www.cronacaonline.it\/index.php\/2023\/06\/01\/insularita-il-presidente-sardegna-regione-impegnata-per-declinare-in-atti-concreti-il-principio-in-costituzione\/","title":{"rendered":"Insularit\u00e0, il presidente Sardegna: Regione impegnata per declinare in atti concreti il principio in costituzione\u201d."},"content":{"rendered":"\n<p>Cagliari, 1 Giu 2023 \u2013\u00a0\u201cLa Regione Sardegna \u00e8 impegnata in prima linea con il mondo dell'Universit\u00e0 e con le altre isole d'Europa per cercare di stimolare un percorso virtuoso che renda effettivo il principio di insularit\u00e0 reinserito di recente in Costituzione\u201d. Lo ha detto il Presidente della Regione Sardegna nel corso del convegno \u201cIl principio di insularit\u00e0 nel nuovo Articolo 119 della Costituzione\u201d in corso presso l\u2019Universit\u00e0 di Cagliari.<\/p>\n\n\n\n<p>Entrando nello specifico del tema ed evidenziando le criticit\u00e0 che interessano temi strategici come quello dei trasporti, delle merci, dell\u2019energia, strettamente legati alla condizione insulare, il Presidente ha evidenziato il rischio che \u201cl'affermazione di principio non abbia conseguenti e coerenti applicazioni pratiche\u201d. Il tema, secondo il Presidente, si articola su due grandi questioni: \u201cCi sono le risorse (e fortunatamente questo tempo ci d\u00e0 grandissime risorse) con il paradosso, per\u00f2, che non possiamo spenderle legittimamente perch\u00e9 spesso \u2013 ha proseguito il Presidente - si incorre nella violazione di norme sugli aiuti di Stato e sulla concorrenza che finiscono per sterilizzare il le politiche, gli stanziamenti, quindi la possibilit\u00e0 di affermare una uguaglianza sostanziale in termini di opportunit\u00e0. Non chiediamo \u2013 ha evidenziato il Presidente -&nbsp;&nbsp;privilegi come Isola. Chiediamo semplicemente di essere rimessi al pari del resto del territorio di terraferma, del resto dei cittadini europei, per poter competere nel pieno delle nostre potenzialit\u00e0\u201d.<\/p>\n\n\n\n<p>Guardando al pi\u00f9 ampio scenario europeo, quindi alla condizione insulare \u201cche interessa 20 milioni di abitanti europei divisi su 13 Stati, che rappresentano il 5% della popolazione europea\u201d, il capo della Giunta sarda ha evidenziato come \u201ccon il riconoscimento da parte dell'Europarlamento della risoluzione Omarjee per i diritti delle isole c'\u00e8 stato un ulteriore arricchimento nel percorso che deve essere visto come l\u2019avvio del cammino e non il punto d'arrivo\u201d. Una popolazione europea, ha proseguito il Presidente, \u201cche deve avere riconosciuto un diritto di cittadinanza che non sia leso nelle sue prerogative da una condizione che oggettivamente determina un uno stato di diseguaglianza rispetto al resto d'Europa\u201d.<\/p>\n\n\n\n<p>Ricordando l\u2019impegno della Regione Sardegna in sede europea nel corso di questi anni, il Presidente ha detto: \u201cIo stesso, come presidente di questa Regione, ho di recente proposto un documento che \u00e8 stato sottoscritto dalle autorit\u00e0 politiche delle principali isole del Mediterraneo. Abbiamo coinvolto la Corsica, le Baleari, Rodi e Creta, in maniera tale che nella costruzione delle politiche europee ci sia una preventiva riflessione e un coinvolgimento del mondo insulare che possa in quella sede declinare quali sono le criticit\u00e0 che devono essere affrontate e risolte\u201d. Com<\/p>\n","protected":false},"excerpt":{"rendered":"<p>Cagliari, 1 Giu 2023 \u2013\u00a0\u201cLa Regione Sardegna \u00e8 impegnata in prima linea con il mondo dell&#8217;Universit\u00e0 e con le altre isole d&#8217;Europa per cercare di&#8230;<\/p>\n","protected":false},"author":2,"featured_media":144907,"comment_status":"closed","ping_status":"open","sticky":false,"template":"","format":"standard","meta":[],"categories":[49,52],"tags":[],"_links":{"self":[{"href":"https:\/\/www.cronacaonline.it\/index.php\/wp-json\/wp\/v2\/posts\/236610"}],"collection":[{"href":"https:\/\/www.cronacaonline.it\/index.php\/wp-json\/wp\/v2\/posts"}],"about":[{"href":"https:\/\/www.cronacaonline.it\/index.php\/wp-json\/wp\/v2\/types\/post"}],"author":[{"embeddable":true,"href":"https:\/\/www.cronacaonline.it\/index.php\/wp-json\/wp\/v2\/users\/2"}],"replies":[{"embeddable":true,"href":"https:\/\/www.cronacaonline.it\/index.php\/wp-json\/wp\/v2\/comments?post=236610"}],"version-history":[{"count":1,"href":"https:\/\/www.cronacaonline.it\/index.php\/wp-json\/wp\/v2\/posts\/236610\/revisions"}],"predecessor-version":[{"id":236611,"href":"https:\/\/www.cronacaonline.it\/index.php\/wp-json\/wp\/v2\/posts\/236610\/revisions\/236611"}],"wp:featuredmedia":[{"embeddable":true,"href":"https:\/\/www.cronacaonline.it\/index.php\/wp-json\/wp\/v2\/media\/144907"}],"wp:attachment":[{"href":"https:\/\/www.cronacaonline.it\/index.php\/wp-json\/wp\/v2\/media?parent=236610"}],"wp:term":[{"taxonomy":"category","embeddable":true,"href":"https:\/\/www.cronacaonline.it\/index.php\/wp-json\/wp\/v2\/categories?post=236610"},{"taxonomy":"post_tag","embeddable":true,"href":"https:\/\/www.cronacaonline.it\/index.php\/wp-json\/wp\/v2\/tags?post=236610"}],"curies":[{"name":"wp","href":"https:\/\/api.w.org\/{rel}","templated":true}]}}