{"id":236582,"date":"2023-05-31T18:19:04","date_gmt":"2023-05-31T16:19:04","guid":{"rendered":"https:\/\/www.cronacaonline.it\/?p=236582"},"modified":"2023-05-31T18:19:06","modified_gmt":"2023-05-31T16:19:06","slug":"dichiarazione-del-segretario-della-regione-sardegna-del-pd-piero-comandini-su-dichiarazione-assessore-doria-circa-lintervento-di-mastectomia-ricostruttiva-dopo-intervento-per-tumore-al-seno","status":"publish","type":"post","link":"https:\/\/www.cronacaonline.it\/index.php\/2023\/05\/31\/dichiarazione-del-segretario-della-regione-sardegna-del-pd-piero-comandini-su-dichiarazione-assessore-doria-circa-lintervento-di-mastectomia-ricostruttiva-dopo-intervento-per-tumore-al-seno\/","title":{"rendered":"Dichiarazione del Segretario della Regione Sardegna del Pd Piero Comandini su dichiarazione assessore Doria circa l\u2019intervento di mastectomia ricostruttiva dopo intervento per tumore al seno."},"content":{"rendered":"\n<p>Cagliari, 31 Magg 2023 \u2013 In una nota il Segretario Regionale Partito Democratico della Sardegna, Piero Comandini, afferma: \u201cLeggiamo sconcertati le dichiarazioni dell\u2019Assessore Doria circa la sospensione degli interventi di ricostruzione del seno per le pazienti che hanno subito mastectomia demolitiva a seguito di tumore alla mammella. Detta sospensione servirebbe ad accorciare le liste d\u2019attesa. Il trattamento chirurgico ricostruttivo consente alle pazienti di stemperare l\u2019impatto psicologico della menomazione del seno e costituisce a detta di tutti gli oncologi, parte integrante della cura del tumore della mammella. Infatti recuperare il proprio aspetto, aiuta il percorso di cura, a superare la malattia e riprendere in mano i fili della propria identit\u00e0 fisica e psicologica: la donna oltre che guarire pu\u00f2 cos\u00ec riprendere una vita del tutto normale, sentendosi a proprio agio in ogni situazione.<\/p>\n\n\n\n<p>Normalmente l\u2019intervento di ricostruzione pu\u00f2 essere effettuato sia durante lo stesso intervento demolitivo che, in casi specifici, qualche tempo dopo, in tempi che devono essere garantiti congrui per i protocolli di cura e individuati dai medici curanti. Secondo l\u2019assessore Doria, per abbattere le liste d\u2019attesa per gli interventi di tumore alla mammella \u00e8 necessario \u201cvelocizzare\u201d i tempi di utilizzo delle sale operatorie, rinunciando alla ricostruzione del seno. Poco importa che si crei un\u2019altra lista d\u2019attesa, poco importa che le donne, gi\u00e0 cos\u00ec fortemente stressate dalla malattia, debbano poi attendere altri mesi, fare un altro intervento, un\u2019altra anestesia, un altro ricovero, per recuperare una \u201cnormalit\u00e0\u201d almeno apparente di se stesse. Oltre a dover sopportare una diagnosi e un percorso cos\u00ec impattante sulla loro salute e sulla propria immagine, le pazienti devono forse pagare anche l\u2019incapacit\u00e0 di organizzazione e gestione di risorse del management sanitario e della politica? Non vogliamo pensare che questa possa essere davvero la soluzione.<\/p>\n\n\n\n<p>Quindi chiediamo all\u2019assessore di fare uno sforzo di programmazione, di reperire i medici e il personale sanitario mancante e dire seriamente, quale \u00e8 il suo disegno, se lo ha, per dare alle cittadine e ai cittadini sardi la sanit\u00e0 oncologica e i trattamenti che meritano di avere, mastoplastiche incluse\u201d. Com<\/p>\n","protected":false},"excerpt":{"rendered":"<p>Cagliari, 31 Magg 2023 \u2013 In una nota il Segretario Regionale Partito Democratico della Sardegna, Piero Comandini, afferma: \u201cLeggiamo sconcertati le dichiarazioni dell\u2019Assessore Doria circa&#8230;<\/p>\n","protected":false},"author":2,"featured_media":7831,"comment_status":"closed","ping_status":"open","sticky":false,"template":"","format":"standard","meta":[],"categories":[49,52],"tags":[],"_links":{"self":[{"href":"https:\/\/www.cronacaonline.it\/index.php\/wp-json\/wp\/v2\/posts\/236582"}],"collection":[{"href":"https:\/\/www.cronacaonline.it\/index.php\/wp-json\/wp\/v2\/posts"}],"about":[{"href":"https:\/\/www.cronacaonline.it\/index.php\/wp-json\/wp\/v2\/types\/post"}],"author":[{"embeddable":true,"href":"https:\/\/www.cronacaonline.it\/index.php\/wp-json\/wp\/v2\/users\/2"}],"replies":[{"embeddable":true,"href":"https:\/\/www.cronacaonline.it\/index.php\/wp-json\/wp\/v2\/comments?post=236582"}],"version-history":[{"count":1,"href":"https:\/\/www.cronacaonline.it\/index.php\/wp-json\/wp\/v2\/posts\/236582\/revisions"}],"predecessor-version":[{"id":236583,"href":"https:\/\/www.cronacaonline.it\/index.php\/wp-json\/wp\/v2\/posts\/236582\/revisions\/236583"}],"wp:featuredmedia":[{"embeddable":true,"href":"https:\/\/www.cronacaonline.it\/index.php\/wp-json\/wp\/v2\/media\/7831"}],"wp:attachment":[{"href":"https:\/\/www.cronacaonline.it\/index.php\/wp-json\/wp\/v2\/media?parent=236582"}],"wp:term":[{"taxonomy":"category","embeddable":true,"href":"https:\/\/www.cronacaonline.it\/index.php\/wp-json\/wp\/v2\/categories?post=236582"},{"taxonomy":"post_tag","embeddable":true,"href":"https:\/\/www.cronacaonline.it\/index.php\/wp-json\/wp\/v2\/tags?post=236582"}],"curies":[{"name":"wp","href":"https:\/\/api.w.org\/{rel}","templated":true}]}}