{"id":236570,"date":"2023-05-31T15:09:04","date_gmt":"2023-05-31T13:09:04","guid":{"rendered":"https:\/\/www.cronacaonline.it\/?p=236570"},"modified":"2023-05-31T15:09:07","modified_gmt":"2023-05-31T13:09:07","slug":"ambiente-assessore-porcu-alla-commissione-della-camera-dei-deputati-la-normativa-europea-metterebbe-in-discussione-il-sistema-di-gestione-del-riciclo-degli-imballaggi-in-italia","status":"publish","type":"post","link":"https:\/\/www.cronacaonline.it\/index.php\/2023\/05\/31\/ambiente-assessore-porcu-alla-commissione-della-camera-dei-deputati-la-normativa-europea-metterebbe-in-discussione-il-sistema-di-gestione-del-riciclo-degli-imballaggi-in-italia\/","title":{"rendered":"Ambiente, assessore Porcu alla commissione della camera dei deputati: \u2018la normativa europea metterebbe in discussione il sistema di gestione del riciclo degli imballaggi in Italia\u2019."},"content":{"rendered":"\n<p>Cagliari, 31 Magg 2023\u00a0\u2013 \u201c\u00c8 necessario un maggiore coinvolgimento di tutti i soggetti coinvolti nelle attivit\u00e0 della filiera, soprattutto nella fase attuativa. Destano perplessit\u00e0 le tempistiche richieste per l\u2019adeguamento alla normativa europea e l\u2019introduzione di obblighi che metterebbero in discussione il sistema di gestione del riciclo degli imballaggi prevalente in Italia\u201d. Lo ha detto l\u2019assessore regionale della Difesa dell\u2019ambiente, Marco Porcu, durante l\u2019audizione sul tema del Regolamento comunitario in tema di imballaggi, in rappresentanza della Conferenza delle Regioni, davanti alle Commissioni riunite Ambiente e Attivit\u00e0 produttive della Camera dei deputati.<\/p>\n\n\n\n<p>\u201cL'utilizzo dello strumento normativo del Regolamento sembra collidere col principio di sussidiariet\u00e0 \u2013 ha aggiunto l\u2019assessore Porcu, coordinatore della Commissione Ambiente, energia e sostenibilit\u00e0 \u2013 Probabilmente sarebbe stato pi\u00f9 confacente l\u2019adozione di una nuova Direttiva, che avrebbe consentito agli Stati membri di definire a livello nazionale le misure pi\u00f9 appropriate per il raggiungimento degli obiettivi, tenendo conto delle peculiarit\u00e0 nazionali e consentendo agli Stati pi\u00f9 avanzati di mantenere i sistemi esistenti che gi\u00e0 hanno dimostrato la loro efficacia\u201d.<br>\u201cL\u2019Italia ha strutturato un efficiente sistema di riciclo, raggiungendo risultati importanti in tema di raccolta differenziata, pari al 70%, con nove anni di anticipo rispetto ai termini previsti dall\u2019Unione europea. Qualora gli obiettivi del Regolamento venissero confermati, si troverebbe a fare i conti con l\u2019adeguamento al sistema del riutilizzo: da un lato, comporterebbe lo stanziamento di ingenti finanziamenti; dall\u2019altro, il collocamento fuori mercato degli imballaggi prodotti dall\u2019attivit\u00e0 di riciclo. Infine, nonostante i principi vigenti in materia siano validi per tutte le tipologie di materiale riciclabile, nella proposta dell\u2019Ue si fa riferimento esclusivamente a percentuali minime di plastica, tralasciando altre tipologie di materiali, quali vetro e minerali, che, invece, garantiscono migliori performance\u201d, ha concluso l\u2019Assessore dell\u2019Ambiente. Com<\/p>\n","protected":false},"excerpt":{"rendered":"<p>Cagliari, 31 Magg 2023\u00a0\u2013 \u201c\u00c8 necessario un maggiore coinvolgimento di tutti i soggetti coinvolti nelle attivit\u00e0 della filiera, soprattutto nella fase attuativa. Destano perplessit\u00e0 le&#8230;<\/p>\n","protected":false},"author":2,"featured_media":236571,"comment_status":"closed","ping_status":"open","sticky":false,"template":"","format":"standard","meta":[],"categories":[49,52],"tags":[],"_links":{"self":[{"href":"https:\/\/www.cronacaonline.it\/index.php\/wp-json\/wp\/v2\/posts\/236570"}],"collection":[{"href":"https:\/\/www.cronacaonline.it\/index.php\/wp-json\/wp\/v2\/posts"}],"about":[{"href":"https:\/\/www.cronacaonline.it\/index.php\/wp-json\/wp\/v2\/types\/post"}],"author":[{"embeddable":true,"href":"https:\/\/www.cronacaonline.it\/index.php\/wp-json\/wp\/v2\/users\/2"}],"replies":[{"embeddable":true,"href":"https:\/\/www.cronacaonline.it\/index.php\/wp-json\/wp\/v2\/comments?post=236570"}],"version-history":[{"count":1,"href":"https:\/\/www.cronacaonline.it\/index.php\/wp-json\/wp\/v2\/posts\/236570\/revisions"}],"predecessor-version":[{"id":236572,"href":"https:\/\/www.cronacaonline.it\/index.php\/wp-json\/wp\/v2\/posts\/236570\/revisions\/236572"}],"wp:featuredmedia":[{"embeddable":true,"href":"https:\/\/www.cronacaonline.it\/index.php\/wp-json\/wp\/v2\/media\/236571"}],"wp:attachment":[{"href":"https:\/\/www.cronacaonline.it\/index.php\/wp-json\/wp\/v2\/media?parent=236570"}],"wp:term":[{"taxonomy":"category","embeddable":true,"href":"https:\/\/www.cronacaonline.it\/index.php\/wp-json\/wp\/v2\/categories?post=236570"},{"taxonomy":"post_tag","embeddable":true,"href":"https:\/\/www.cronacaonline.it\/index.php\/wp-json\/wp\/v2\/tags?post=236570"}],"curies":[{"name":"wp","href":"https:\/\/api.w.org\/{rel}","templated":true}]}}