{"id":236564,"date":"2023-05-31T15:00:11","date_gmt":"2023-05-31T13:00:11","guid":{"rendered":"https:\/\/www.cronacaonline.it\/?p=236564"},"modified":"2023-05-31T15:00:14","modified_gmt":"2023-05-31T13:00:14","slug":"a-pula-cerimonia-di-fine-corso-dei-nuovi-agenti-forestali-il-presidente-sardegna-forze-nuove-in-campo-a-difesa-del-nostro-patrimonio-ambientale","status":"publish","type":"post","link":"https:\/\/www.cronacaonline.it\/index.php\/2023\/05\/31\/a-pula-cerimonia-di-fine-corso-dei-nuovi-agenti-forestali-il-presidente-sardegna-forze-nuove-in-campo-a-difesa-del-nostro-patrimonio-ambientale\/","title":{"rendered":"A Pula cerimonia di fine corso dei nuovi agenti forestali. Il presidente Sardegna: forze nuove in campo a difesa del nostro patrimonio ambientale."},"content":{"rendered":"\n<p>Pula (Ca), 31 Magg 2023\u00a0\u2013 \u201cUn momento luminoso per la nostra Istituzione Autonomistica. Erano 18 anni che la Regione sarda non bandiva un concorso per rinforzare l\u2019organico del proprio Corpo Forestale, vero fiore all\u2019occhiello dell\u2019istituzione\u201d. Cos\u00ec il Presidente della Regione Sardegma, che ha partecipato a Pula alla suggestiva cerimonia di fine corso dei nuovi agenti del Corpo Forestale e di Vigilanza Ambientale, insieme al Comandante Fabio Migliorati.<\/p>\n\n\n\n<p>\u201cVoi, nuovi agenti, ha detto il Presidente, rappresentate qualcosa di pi\u00f9 di un semplice, seppur importante e gradito, nuovo ingresso negli organici della Regione Sarda. Quel di pi\u00f9 \u00e8 legato all\u2019alta missione che oggi, terminato l\u2019addestramento, siete finalmente chiamati a svolgere, nel ruolo di vigilanti e amorevoli custodi del nostro immenso patrimonio ambientale. Guardo a voi con particolare simpatia e con grande speranza, perch\u00e9 siete le nuove forze in campo di un Corpo caro all\u2019intera Sardegna. Ho fortemente voluto che questo Corpo diventasse una Direzione Generale in capo direttamente alla Presidenza, e ho realizzato questo mio intendimento nel 2021, dando compimento ad un auspicio del Corpo stesso, atteso da decenni, come doveroso riconoscimento al valore e all\u2019importanza del Corpo Forestale e di vigilanza ambientale, che ha ormai assunto un ruolo decisivo in vari campi di azione strategici, al servizio dei Sardi e dell\u2019ambiente. Nei decenni intercorsi dalla sua istituzione, avvenuta con la Legge regionale n. 26 del 5 novembre&nbsp;del 1985, il Corpo forestale Sardo ha ampliato notevolmente le proprie competenze, inizialmente indirizzate alla vigilanza su caccia, pesca, pascolo.&nbsp;Oggi, abbraccia tutti i problemi ambientali, l\u2019urbanistica, il paesaggio, i beni demaniali e quelli della salute pubblica, investendo, dunque, le competenze di vari assessorati. \u00c8 una struttura multidisciplinare diffusa su tutto il territorio regionale, che opera attraverso 7 servizi territoriali, 82 stazioni forestali, 10 basi navali\u201d.<\/p>\n\n\n\n<p>\u201cCi\u00f2 che voi difenderete ogni giorno, conclude il Presidente, \u00e8 un tesoro fragile, che necessita di continue attenzioni, di occhi vigili e di regole inflessibili, se vogliamo, come fortemente vogliamo, che tutto questo sia conservato e tramandato a chi verr\u00e0 dopo di noi\u201d. Red<\/p>\n","protected":false},"excerpt":{"rendered":"<p>Pula (Ca), 31 Magg 2023\u00a0\u2013 \u201cUn momento luminoso per la nostra Istituzione Autonomistica. Erano 18 anni che la Regione sarda non bandiva un concorso per&#8230;<\/p>\n","protected":false},"author":2,"featured_media":198955,"comment_status":"closed","ping_status":"open","sticky":false,"template":"","format":"standard","meta":[],"categories":[49,52],"tags":[],"_links":{"self":[{"href":"https:\/\/www.cronacaonline.it\/index.php\/wp-json\/wp\/v2\/posts\/236564"}],"collection":[{"href":"https:\/\/www.cronacaonline.it\/index.php\/wp-json\/wp\/v2\/posts"}],"about":[{"href":"https:\/\/www.cronacaonline.it\/index.php\/wp-json\/wp\/v2\/types\/post"}],"author":[{"embeddable":true,"href":"https:\/\/www.cronacaonline.it\/index.php\/wp-json\/wp\/v2\/users\/2"}],"replies":[{"embeddable":true,"href":"https:\/\/www.cronacaonline.it\/index.php\/wp-json\/wp\/v2\/comments?post=236564"}],"version-history":[{"count":1,"href":"https:\/\/www.cronacaonline.it\/index.php\/wp-json\/wp\/v2\/posts\/236564\/revisions"}],"predecessor-version":[{"id":236565,"href":"https:\/\/www.cronacaonline.it\/index.php\/wp-json\/wp\/v2\/posts\/236564\/revisions\/236565"}],"wp:featuredmedia":[{"embeddable":true,"href":"https:\/\/www.cronacaonline.it\/index.php\/wp-json\/wp\/v2\/media\/198955"}],"wp:attachment":[{"href":"https:\/\/www.cronacaonline.it\/index.php\/wp-json\/wp\/v2\/media?parent=236564"}],"wp:term":[{"taxonomy":"category","embeddable":true,"href":"https:\/\/www.cronacaonline.it\/index.php\/wp-json\/wp\/v2\/categories?post=236564"},{"taxonomy":"post_tag","embeddable":true,"href":"https:\/\/www.cronacaonline.it\/index.php\/wp-json\/wp\/v2\/tags?post=236564"}],"curies":[{"name":"wp","href":"https:\/\/api.w.org\/{rel}","templated":true}]}}