{"id":236518,"date":"2023-05-30T15:25:56","date_gmt":"2023-05-30T13:25:56","guid":{"rendered":"https:\/\/www.cronacaonline.it\/?p=236518"},"modified":"2023-05-30T15:25:59","modified_gmt":"2023-05-30T13:25:59","slug":"peste-suina-in-sardegna-aumentano-le-aree-senza-restrizioni-il-presidente-dalleuropa-un-nuovo-riconoscimento-dei-risultati-raggiunti-nellisola","status":"publish","type":"post","link":"https:\/\/www.cronacaonline.it\/index.php\/2023\/05\/30\/peste-suina-in-sardegna-aumentano-le-aree-senza-restrizioni-il-presidente-dalleuropa-un-nuovo-riconoscimento-dei-risultati-raggiunti-nellisola\/","title":{"rendered":"Peste suina, in Sardegna aumentano le aree senza restrizioni. Il presidente: \u201cdall\u2019Europa un nuovo riconoscimento dei risultati raggiunti nell\u2019isola\u201d."},"content":{"rendered":"\n<p>Cagliari, 30 Magg 2023\u00a0\u2013 Si riducono ulteriormente i confini sulla mappa delle aree dell\u2019Isola ancora sottoposte a restrizioni per la Peste suina africana. La decisione \u00e8 stata presa oggi a Buxelles dal comitato degli Stati membri con il via libera alla nuova proposta della Commissione europea che, di fatto, ridefinisce la geografia delle tre zone sottoposte a restrizioni in Sardegna incrementando ulteriormente le aree non soggette ad alcun vincolo.<\/p>\n\n\n\n<p>\u201cNello specifico le aree libere da restrizioni (nella cos\u00ec detta zona zero) passano dal 42% al 60%, interessando 239 Comuni\u201d, dichiara il Presidente della Regione Sardegna. \u201cSi riducono invece le aree sottoposte a vincoli. In particolare \u2013 sottolinea il Presidente \u2013 la zona 2 (la zona di restrizione del selvatico) passa da 76 a 56 Comuni, anche grazie all\u2019importante contributo dei cacciatori nelle operazioni di monitoraggio. Inoltre \u00e8 stata decisa una sensibile rimodulazione anche per la zona 3, dove sono ancora vigenti le prescrizioni pi\u00f9 forti, che passa cos\u00ec da 21 a 12 Comuni\u201d.<\/p>\n\n\n\n<p>Formalmente le modifiche saranno adottate con la pubblicazione, nei prossimi giorni, dell\u2019aggiornamento nella Gazzetta europea. Una decisione, quella votata oggi, che modifica quanto stabilito sempre a Bruxelles il 15 dicembre. Una prima tappa, quella odierna, nel nuovo percorso tracciato ad aprile in occasione del tavolo tra Unit\u00e0 di progetto regionale, Ministero della Salute e Commissione europea, riunito per fare il punto sulle misure adottate in Sardegna in prospettiva di una definitiva rimozione dei vincoli ancora presenti dopo la decisione che, alla fine del 2022, ha sancito la rimozione del divieto totale sulla movimentazione dei suini e dei prodotti suinicoli fuori dal territorio regionale, embargo rimasto in vigore per undici anni.<\/p>\n\n\n\n<p>\u201cUn risultato che conferma, ancora una volta, lo straordinario lavoro portato avanti nell\u2019Isola, reso possibile soltanto grazie alla sinergia tra le istituzioni, il territorio e gli allevatori. L\u2019importante traguardo raggiunto lo scorso dicembre non ci ha spinto ad abbassare la guardia. In oltre quarant\u2019anni di lotta alla Peste Suina la Sardegna ha dovuto affrontare grandi sacrifici. Il nostro lavoro cos\u00ec come il confronto con il Governo e la Commissione europea proseguiranno fino alla completa rimozione dei vincoli ancora presenti. Il nuovo traguardo ci dice che la strada \u00e8 quella giusta\u201d, conclude il Presidente.&nbsp;Com<\/p>\n","protected":false},"excerpt":{"rendered":"<p>Cagliari, 30 Magg 2023\u00a0\u2013 Si riducono ulteriormente i confini sulla mappa delle aree dell\u2019Isola ancora sottoposte a restrizioni per la Peste suina africana. La decisione&#8230;<\/p>\n","protected":false},"author":2,"featured_media":152412,"comment_status":"closed","ping_status":"open","sticky":false,"template":"","format":"standard","meta":[],"categories":[49,52],"tags":[],"_links":{"self":[{"href":"https:\/\/www.cronacaonline.it\/index.php\/wp-json\/wp\/v2\/posts\/236518"}],"collection":[{"href":"https:\/\/www.cronacaonline.it\/index.php\/wp-json\/wp\/v2\/posts"}],"about":[{"href":"https:\/\/www.cronacaonline.it\/index.php\/wp-json\/wp\/v2\/types\/post"}],"author":[{"embeddable":true,"href":"https:\/\/www.cronacaonline.it\/index.php\/wp-json\/wp\/v2\/users\/2"}],"replies":[{"embeddable":true,"href":"https:\/\/www.cronacaonline.it\/index.php\/wp-json\/wp\/v2\/comments?post=236518"}],"version-history":[{"count":1,"href":"https:\/\/www.cronacaonline.it\/index.php\/wp-json\/wp\/v2\/posts\/236518\/revisions"}],"predecessor-version":[{"id":236519,"href":"https:\/\/www.cronacaonline.it\/index.php\/wp-json\/wp\/v2\/posts\/236518\/revisions\/236519"}],"wp:featuredmedia":[{"embeddable":true,"href":"https:\/\/www.cronacaonline.it\/index.php\/wp-json\/wp\/v2\/media\/152412"}],"wp:attachment":[{"href":"https:\/\/www.cronacaonline.it\/index.php\/wp-json\/wp\/v2\/media?parent=236518"}],"wp:term":[{"taxonomy":"category","embeddable":true,"href":"https:\/\/www.cronacaonline.it\/index.php\/wp-json\/wp\/v2\/categories?post=236518"},{"taxonomy":"post_tag","embeddable":true,"href":"https:\/\/www.cronacaonline.it\/index.php\/wp-json\/wp\/v2\/tags?post=236518"}],"curies":[{"name":"wp","href":"https:\/\/api.w.org\/{rel}","templated":true}]}}