{"id":236497,"date":"2023-05-30T11:49:16","date_gmt":"2023-05-30T09:49:16","guid":{"rendered":"https:\/\/www.cronacaonline.it\/?p=236497"},"modified":"2023-05-30T11:49:18","modified_gmt":"2023-05-30T09:49:18","slug":"il-presidente-della-sardegna-ha-inaugurato-questa-mattina-il-nuovo-campus-universitario-emilio-lussu","status":"publish","type":"post","link":"https:\/\/www.cronacaonline.it\/index.php\/2023\/05\/30\/il-presidente-della-sardegna-ha-inaugurato-questa-mattina-il-nuovo-campus-universitario-emilio-lussu\/","title":{"rendered":"Il presidente della Sardegna ha inaugurato questa mattina il nuovo campus universitario &#8220;Emilio Lussu&#8221;."},"content":{"rendered":"\n<p>Cagliari, 30 Magg 2023 \u2013\u00a0\u201cOpera attesa da molti anni, fondamentale per assicurare agli studenti un'accoglienza di alta qualit\u00e0. E\u2019 un punto di partenza, certamente. Siamo gi\u00e0 pronti per realizzare il secondo lotto dell'opera, per garantire un livello di assoluta eccellenza agli universitari.\u201d Lo ha detto il Presidente della Regione Sardegna, che stamane ha inaugurato a Cagliari il nuovo Campus universitario, intitolato a Emilio Lussu.<\/p>\n\n\n\n<p>\u00c8 un\u2019opera importante e pregevole, un progetto partito da lontano e da me fortemente voluto e sostenuto da Presidente dell\u2019Ersu, ormai tanti anni fa. E da Presidente della Regione sono orgoglioso di avere dato l\u2019impulso finale e decisivo, ha detto.<\/p>\n\n\n\n<p>Vediamo realizzato anche il recupero di un'importante pezzo della citt\u00e0: il campus non sar\u00e0 un dormitorio, ma far\u00e0 parte del tessuto urbano con importanti servizi per studenti e non solo. Inoltre occupa una posizione strategica vicino alla stazione dei treni e degli autobus e a due passi da via Roma.<\/p>\n\n\n\n<p>Gli alloggi sono belli e confortevoli. Corridoi spaziosi, un bagno per ogni stanza che avr\u00e0 due letti e due ampie scrivanie.<\/p>\n\n\n\n<p>Un piano \u00e8 dedicato a spazi collettivi e sale studio, al piano terra le attivit\u00e0 commerciali. C\u2019\u00e8 un auditorium, una grande piazza coperta di circa duemila metri quadri. Nella mensa seicento posti con vista panoramica grazie alla grande vetrata.&nbsp;&nbsp;Crediamo di avere fatto il meglio, e ne siamo soddisfatti e orgogliosi, ha detto il Presidente.<\/p>\n\n\n\n<p>Ogni grande citt\u00e0 \u00e8 anche citt\u00e0 studentesca, citt\u00e0 universitaria. Gli studenti sono a mio avviso come il sale, come il valore aggiunto della societ\u00e0: meritano rispetto, attenzione, tutela dei diritti, garanzia di pari opportunit\u00e0 e premio del merito e della volont\u00e0. Dove gli studenti sono numerosi la vita \u00e8 pi\u00f9 brillante, la cultura \u00e8 pi\u00f9 effervescente, l\u2019arte fiorisce.<\/p>\n\n\n\n<p>In tutto questo la Regione c\u2019\u00e8 ed \u00e8 al fianco degli studenti, e ne \u00e8 testimonianza l\u2019impegno sul bando alloggi con il quale \u00e8 stato soddisfatto il 100% delle richieste degli studenti che posseggono i requisiti di merito e di basso stato economico previsti dalla legge, e con il sostegno agli idonei non beneficiari per i quali l'Ersu ha aumentato il contributo del Fitto Casa portandolo al valore massimo consentito dalla normativa.<\/p>\n\n\n\n<p>Ci\u00f2 che vorremmo ottenere investendo in maniera cos\u00ec opportuna il denaro pubblico, ha detto ancora il presidente,&nbsp;&nbsp;\u00e8 che molti giovani sardi studino e si specializzino nella loro terra, e frequentino corsi fuori Sardegna o all\u2019estero con l\u2019obiettivo di tornare e vedere realizzate in Sardegna le loro aspirazioni e i loro traguardi scientifici, culturali e personali, per costruire insieme, giorno dopo giorno, una Sardegna pi\u00f9 forte, pi\u00f9 inclusiva, pi\u00f9 accogliente, vocata allo sviluppo scientifico e tecnologico e all\u2019alta specializzazione, terra del sapere e della cultura. Com<\/p>\n","protected":false},"excerpt":{"rendered":"<p>Cagliari, 30 Magg 2023 \u2013\u00a0\u201cOpera attesa da molti anni, fondamentale per assicurare agli studenti un&#8217;accoglienza di alta qualit\u00e0. E\u2019 un punto di partenza, certamente. Siamo&#8230;<\/p>\n","protected":false},"author":2,"featured_media":236498,"comment_status":"closed","ping_status":"open","sticky":false,"template":"","format":"standard","meta":[],"categories":[49,52],"tags":[],"_links":{"self":[{"href":"https:\/\/www.cronacaonline.it\/index.php\/wp-json\/wp\/v2\/posts\/236497"}],"collection":[{"href":"https:\/\/www.cronacaonline.it\/index.php\/wp-json\/wp\/v2\/posts"}],"about":[{"href":"https:\/\/www.cronacaonline.it\/index.php\/wp-json\/wp\/v2\/types\/post"}],"author":[{"embeddable":true,"href":"https:\/\/www.cronacaonline.it\/index.php\/wp-json\/wp\/v2\/users\/2"}],"replies":[{"embeddable":true,"href":"https:\/\/www.cronacaonline.it\/index.php\/wp-json\/wp\/v2\/comments?post=236497"}],"version-history":[{"count":1,"href":"https:\/\/www.cronacaonline.it\/index.php\/wp-json\/wp\/v2\/posts\/236497\/revisions"}],"predecessor-version":[{"id":236499,"href":"https:\/\/www.cronacaonline.it\/index.php\/wp-json\/wp\/v2\/posts\/236497\/revisions\/236499"}],"wp:featuredmedia":[{"embeddable":true,"href":"https:\/\/www.cronacaonline.it\/index.php\/wp-json\/wp\/v2\/media\/236498"}],"wp:attachment":[{"href":"https:\/\/www.cronacaonline.it\/index.php\/wp-json\/wp\/v2\/media?parent=236497"}],"wp:term":[{"taxonomy":"category","embeddable":true,"href":"https:\/\/www.cronacaonline.it\/index.php\/wp-json\/wp\/v2\/categories?post=236497"},{"taxonomy":"post_tag","embeddable":true,"href":"https:\/\/www.cronacaonline.it\/index.php\/wp-json\/wp\/v2\/tags?post=236497"}],"curies":[{"name":"wp","href":"https:\/\/api.w.org\/{rel}","templated":true}]}}