{"id":236358,"date":"2023-05-26T13:02:16","date_gmt":"2023-05-26T11:02:16","guid":{"rendered":"https:\/\/www.cronacaonline.it\/?p=236358"},"modified":"2023-05-26T13:02:19","modified_gmt":"2023-05-26T11:02:19","slug":"acqua-assessore-saiu-per-gli-usi-potabili-agricoli-e-industriali-assegnati-720-milioni-di-metri-cubi","status":"publish","type":"post","link":"https:\/\/www.cronacaonline.it\/index.php\/2023\/05\/26\/acqua-assessore-saiu-per-gli-usi-potabili-agricoli-e-industriali-assegnati-720-milioni-di-metri-cubi\/","title":{"rendered":"Acqua, Assessore Saiu: per gli usi potabili, agricoli e industriali assegnati 720 milioni di metri cubi."},"content":{"rendered":"\n<p>Cagliari, 26 Magg 2023\u00a0\u2013 Sono complessivamente 720 milioni di metri cubi i volumi d\u2019acqua assegnati in via definitiva per il 2023 agli usi potabili, agricoli e industriali di tutta la Sardegna. Lo ha stabilito il Comitato istituzionale dell\u2019Autorit\u00e0 di Bacino nel corso del tavolo che si \u00e8 riunito ieri.<\/p>\n\n\n\n<p>\u201cIl fabbisogno idropotabile e quello industriale sono integralmente garantiti. I volumi disponibili per le utenze potabili da invasi gestiti dall\u2019Ente Acque della Sardegna (Enas) \u00e8 di quasi 206 milioni di metri cubi a cui devono aggiungersi i 12,9 milioni di metri cubi provenienti dagli altri invasi. Per le utenze industriali i volumi disponibili per il 2023 ammontano invece a 22 milioni e 280mila metri cubi\u201d, dichiara l\u2019assessore regionale dei Lavori Pubblici Pierluigi Saiu, che oggi, proprio sul tema dell\u2019acqua \u00e8 intervenuto nel corso del convegno \u2018Il cambiamento climatico e le ripercussioni nella tutela della risorsa idrica: quali soluzioni?\u2019 promosso dall\u2019Egas.<\/p>\n\n\n\n<p>\u201cOvviamente la quota pi\u00f9 rilevante assegnata \u00e8 quella programmata a favore del comparto irriguo con 479 milioni di metri cubi. Il dato \u00e8 sostanzialmente in linea con quello dell\u2019anno scorso, con una assegnazione complessiva leggermente inferiore, pari a 11,36 milioni di metri cubi in meno, ma che in realt\u00e0 si riduce a 7,36 milioni di metri cubi in virt\u00f9 del fatto che i consorzi di bonifica di Oristano e della Sardegna Meridionale hanno espresso un fabbisogno complessivamente inferiore di 4 milioni di metri cubi rispetto all\u2019anno precedente\u201d.<\/p>\n\n\n\n<p>Dalla comparazione con l\u2019anno passato risulta che a fine aprile 2022 gli invasi dell\u2019Isola segnavano un riempimento di 1.545,61 milioni di metri cubi (corrispondente all\u201984,74 % del totale), nello stesso periodo del 2023 il dato registrato era di 1.387,40 milioni di metri cubi (pari al 76,06%).<\/p>\n\n\n\n<p>\u201cPur con una risorsa complessivamente inferiore, anche quest\u2019anno, in virt\u00f9 del miglioramento dei deflussi che nella scorsa settimana hanno riportato il livello dell\u2019acqua invasata in Sardegna all\u201981% della capacit\u00e0 totale, si \u00e8 riusciti a garantire il soddisfacimento di quasi tutto il fabbisogno\u201d.<\/p>\n\n\n\n<p>Le riduzioni pi\u00f9 sensibili riguardano gli invasi di Punta Gennarta e Medau Zirimilis, nel sistema dell\u2019alto Cixerri dove il ridotto volume d\u2019acqua invasato (7,89 milioni di metri cubi contro i 12,06 dello scorso anno) e gli elevati consumi degli anni precedenti hanno portato a un\u2019assegnazione inferiore. Diminuita anche l\u2019assegnazione della risorsa idrica dal Monte Lerno, sempre a causa dei ridotti volumi invasati.<\/p>\n\n\n\n<p>\u201cCriticit\u00e0 anche per l\u2019invaso di Bidighinzu \u2013 sottolinea l\u2019esponente della Giunta \u2013 con un volume invasato pari al 54% della capacit\u00e0 massima autorizzata che ha consentito, anche a causa delle elevate perdite della condotta di derivazione irrigua, un\u2019assegnazione massima di 1,1 milioni di metri cubi agli operatori della Valle dei Giunchi. Sulla condotta sono previsti due diversi interventi: uno, finanziato con fondi regionali, gestito dal Consorzio di Bonifica e gi\u00e0 in appalto; l\u2019altro, per 15 milioni di euro, finanziato con fondi provenienti dal PNRR\u201d.<\/p>\n\n\n\n<p>Bene l\u2019invaso di Maccheronis che ha raggiunto il 100% della capacit\u00e0 massima autorizzata di invasamento e che consente quindi l\u2019assegnazione di un volume di 22 milioni di metri cubi: \u201cEntro il mese di giugno \u2013 dichiara l\u2019assessore Saiu \u2013&nbsp;programmer\u00f2 un tavolo tecnico per la revisione del piano di laminazione cos\u00ec da adottare misure stabili di riduzione degli sprechi di risorsa idrica\u201d.<\/p>\n\n\n\n<p>\u201cPer la prima volta nella storia del Comitato \u2013 sottolinea l\u2019assessore Saiu \u2013&nbsp;si \u00e8 poi proceduto all\u2019assegnazione biennale di risorsa idrica per il Consorzio di Oristano di 178 milioni di metri cubi per il 2023 e, gi\u00e0 da ora, si attribuisce al medesimo Consorzio, a titolo sperimentale, un volume di preassegnazione per l\u2019annualit\u00e0 2024 pari a 150 milioni di metri cubi. Questo grazie sia alla disponibilit\u00e0 di risorse sia alla corretta programmazione e gestione\u201d.<\/p>\n\n\n\n<p>\u201cComplessivamente si pu\u00f2 dire che il sistema di gestione dell\u2019acqua in Sardegna si conferma adeguato ai fabbisogni che deve soddisfare sotto il profilo della raccolta dell\u2019acqua e della sua assegnazione. Si rivela per\u00f2 gravemente inefficiente sotto il profilo della distribuzione dell\u2019acqua che si perde nelle condotte colabrodo ed \u00e8 per questa ragione che l\u2019azione del governo regionale e degli enti coinvolti sar\u00e0 orientata a programmare nuovi interventi e a sbloccare quelli ancora fermi, cos\u00ec da ridurre gli sprechi e portare avanti nei prossimi anni programmi d\u00ec efficienza della&nbsp;rete\u201d, conclude l\u2019assessore Saiu. Com<\/p>\n","protected":false},"excerpt":{"rendered":"<p>Cagliari, 26 Magg 2023\u00a0\u2013 Sono complessivamente 720 milioni di metri cubi i volumi d\u2019acqua assegnati in via definitiva per il 2023 agli usi potabili, agricoli&#8230;<\/p>\n","protected":false},"author":2,"featured_media":234285,"comment_status":"closed","ping_status":"open","sticky":false,"template":"","format":"standard","meta":[],"categories":[49,52],"tags":[],"_links":{"self":[{"href":"https:\/\/www.cronacaonline.it\/index.php\/wp-json\/wp\/v2\/posts\/236358"}],"collection":[{"href":"https:\/\/www.cronacaonline.it\/index.php\/wp-json\/wp\/v2\/posts"}],"about":[{"href":"https:\/\/www.cronacaonline.it\/index.php\/wp-json\/wp\/v2\/types\/post"}],"author":[{"embeddable":true,"href":"https:\/\/www.cronacaonline.it\/index.php\/wp-json\/wp\/v2\/users\/2"}],"replies":[{"embeddable":true,"href":"https:\/\/www.cronacaonline.it\/index.php\/wp-json\/wp\/v2\/comments?post=236358"}],"version-history":[{"count":1,"href":"https:\/\/www.cronacaonline.it\/index.php\/wp-json\/wp\/v2\/posts\/236358\/revisions"}],"predecessor-version":[{"id":236359,"href":"https:\/\/www.cronacaonline.it\/index.php\/wp-json\/wp\/v2\/posts\/236358\/revisions\/236359"}],"wp:featuredmedia":[{"embeddable":true,"href":"https:\/\/www.cronacaonline.it\/index.php\/wp-json\/wp\/v2\/media\/234285"}],"wp:attachment":[{"href":"https:\/\/www.cronacaonline.it\/index.php\/wp-json\/wp\/v2\/media?parent=236358"}],"wp:term":[{"taxonomy":"category","embeddable":true,"href":"https:\/\/www.cronacaonline.it\/index.php\/wp-json\/wp\/v2\/categories?post=236358"},{"taxonomy":"post_tag","embeddable":true,"href":"https:\/\/www.cronacaonline.it\/index.php\/wp-json\/wp\/v2\/tags?post=236358"}],"curies":[{"name":"wp","href":"https:\/\/api.w.org\/{rel}","templated":true}]}}