{"id":236255,"date":"2023-05-24T12:13:26","date_gmt":"2023-05-24T10:13:26","guid":{"rendered":"https:\/\/www.cronacaonline.it\/?p=236255"},"modified":"2023-05-24T12:13:28","modified_gmt":"2023-05-24T10:13:28","slug":"sport-ottava-conferenza-regionale-dello-sport-sardo-a-tempio-si-parlera-di-analisi-e-prospettive-dello-sport-in-sardegna","status":"publish","type":"post","link":"https:\/\/www.cronacaonline.it\/index.php\/2023\/05\/24\/sport-ottava-conferenza-regionale-dello-sport-sardo-a-tempio-si-parlera-di-analisi-e-prospettive-dello-sport-in-sardegna\/","title":{"rendered":"Sport: ottava conferenza regionale dello sport sardo. A Tempio si parler\u00e0 di analisi e prospettive dello sport in Sardegna."},"content":{"rendered":"\n<p>Cagliari, 24 Magg 2023 \u2013\u00a0Venerd\u00ec prossimo 26 maggio, dalle ore 15 a Tempio Pausania, al Teatro del Carmine \u00e8 in programma l\u2019ottava Conferenza Regionale dello Sport, intitolata \"Lo Sport Sardo senza Confini\".<\/p>\n\n\n\n<p>Interverranno con l\u2019Assessore regionale dello Sport, Andrea Biancareddu, il Presidente regionale del Coni,&nbsp;Bruno Perra e il Commissario del CIP-Sardegna, Simone Carrucciu.<\/p>\n\n\n\n<p>Prevista anche la partecipazione del&nbsp;Presidente del Consiglio Regionale, Michele Pais, del Rettore dell\u2019Universit\u00e0 degli studi di Cagliari, Francesco Mola e del Rettore dell\u2019Universit\u00e0 degli studi di Sassari, Gavino Mariotti, del Dirigente scolastico regionale, Francesco Feliziani, insieme&nbsp;a sportivi delle varie discipline ed ai Presidenti di Federazioni ed Enti di promozione sportiva.<\/p>\n\n\n\n<p>Il Piano Triennale dello Sport \u00e8 il pi\u00f9 importante strumento di programmazione strategica con il quale la Regione svolge la propria attivit\u00e0 nel pieno rispetto della funzione sociale dello Sport, promozione e diffusione dello Sport nel territorio, Sport quale mezzo di tutela psico-fisica e di crescita culturale e civile della societ\u00e0.<\/p>\n\n\n\n<p>La Conferenza costituisce soprattutto una grande occasione di confronto, di analisi e di prospettiva dello Sport in Sardegna a cui partecipano insieme alla Regione, le rappresentanze del mondo politico, economico e culturale isolano, gli Enti locali, il CONI, il CIP, l\u2019Universit\u00e0 e la Scuola, le Federazioni Sportive e gli Enti di promozione e soprattutto i veri protagonisti: gli sportivi ed i praticanti dell\u2019attivit\u00e0 sportiva a qualsiasi livello.<\/p>\n","protected":false},"excerpt":{"rendered":"<p>Cagliari, 24 Magg 2023 \u2013\u00a0Venerd\u00ec prossimo 26 maggio, dalle ore 15 a Tempio Pausania, al Teatro del Carmine \u00e8 in programma l\u2019ottava Conferenza Regionale dello&#8230;<\/p>\n","protected":false},"author":2,"featured_media":236256,"comment_status":"closed","ping_status":"open","sticky":false,"template":"","format":"standard","meta":[],"categories":[49,56],"tags":[],"_links":{"self":[{"href":"https:\/\/www.cronacaonline.it\/index.php\/wp-json\/wp\/v2\/posts\/236255"}],"collection":[{"href":"https:\/\/www.cronacaonline.it\/index.php\/wp-json\/wp\/v2\/posts"}],"about":[{"href":"https:\/\/www.cronacaonline.it\/index.php\/wp-json\/wp\/v2\/types\/post"}],"author":[{"embeddable":true,"href":"https:\/\/www.cronacaonline.it\/index.php\/wp-json\/wp\/v2\/users\/2"}],"replies":[{"embeddable":true,"href":"https:\/\/www.cronacaonline.it\/index.php\/wp-json\/wp\/v2\/comments?post=236255"}],"version-history":[{"count":1,"href":"https:\/\/www.cronacaonline.it\/index.php\/wp-json\/wp\/v2\/posts\/236255\/revisions"}],"predecessor-version":[{"id":236257,"href":"https:\/\/www.cronacaonline.it\/index.php\/wp-json\/wp\/v2\/posts\/236255\/revisions\/236257"}],"wp:featuredmedia":[{"embeddable":true,"href":"https:\/\/www.cronacaonline.it\/index.php\/wp-json\/wp\/v2\/media\/236256"}],"wp:attachment":[{"href":"https:\/\/www.cronacaonline.it\/index.php\/wp-json\/wp\/v2\/media?parent=236255"}],"wp:term":[{"taxonomy":"category","embeddable":true,"href":"https:\/\/www.cronacaonline.it\/index.php\/wp-json\/wp\/v2\/categories?post=236255"},{"taxonomy":"post_tag","embeddable":true,"href":"https:\/\/www.cronacaonline.it\/index.php\/wp-json\/wp\/v2\/tags?post=236255"}],"curies":[{"name":"wp","href":"https:\/\/api.w.org\/{rel}","templated":true}]}}