{"id":236230,"date":"2023-05-23T19:24:05","date_gmt":"2023-05-23T17:24:05","guid":{"rendered":"https:\/\/www.cronacaonline.it\/?p=236230"},"modified":"2023-05-23T19:24:08","modified_gmt":"2023-05-23T17:24:08","slug":"scuola-videoconferenza-tra-il-ministro-valditara-e-gli-assessore-regionali-allistruzione-sul-nuovo-dimensionamento-scolastico-assessore-biancareddu-conferma-la-linea-della-regione-sardegna","status":"publish","type":"post","link":"https:\/\/www.cronacaonline.it\/index.php\/2023\/05\/23\/scuola-videoconferenza-tra-il-ministro-valditara-e-gli-assessore-regionali-allistruzione-sul-nuovo-dimensionamento-scolastico-assessore-biancareddu-conferma-la-linea-della-regione-sardegna\/","title":{"rendered":"Scuola: videoconferenza tra il ministro Valditara e gli assessore regionali all\u2019istruzione sul nuovo dimensionamento scolastico. Assessore Biancareddu conferma la linea della regione Sardegna e non firmer\u00e0 l\u2019accordo."},"content":{"rendered":"\n<p><strong>Cagliari, 23 Magg 2023-\u00a0<\/strong>L\u2019Assessore alla Pubblica Istruzione, Andrea Biancareddu, conferma le forti perplessit\u00e0 della Sardegna, nel corso di un incontro, svoltosi in videoconferenza, con il Ministro\u00a0dell'Istruzione\u00a0Giuseppe Valditara\u00a0e i colleghi delle altre Regioni d\u2019Italia e conferma il suo no, alla firma del nuovo Dimensionamento Scolastico, proposto dal Governo, su richiesta dell\u2019Unione Europea.<\/p>\n\n\n\n<p>\u201cSono collaborativo per natura \u2013 ha esordito Biancareddu nel suo intervento con il Ministro. Ho ascoltato con attenzione, cercando di capire i vostri ragionamenti. Purtroppo non ne condivido neanche uno e le dico perch\u00e9 nel merito. E\u2019 una legge di stampo fortemente centralista dove la Regione \u00e8 chiamata ad applicare dati meramente algebrici ed \u00e8 relegata a mera esecutrice di queste norme. Per cui insomma dovranno commissariarmi.\u201d<\/p>\n\n\n\n<p>\u201cSiamo di fronte a un Decreto che sicuramente penalizza la Regione Sardegna in quanto \u00e8 basato esclusivamente su dati numerici algebrici. Non si pu\u00f2 fare la riforma della scuola contando solo la popolazione e gli alunni. Ho chiesto fortemente al Ministro che si tenesse conto della morfologia della Sardegna, delle difficolt\u00e0 di collegamento, del tasso di dispersione scolastica e dalle prove Invalsi. Questo pare che non sia non sia stato recepito, per cui ci sarebbero anche gli estremi per impugnare il Decreto, in quanto si parla di fattori perequativi come la densit\u00e0 demografica, come i collegamenti, come la presenza di piccole isole di minoranze linguistiche.\u201d<\/p>\n\n\n\n<p>\u201cPoi di fatto ci si basa solo su numeri. \u00c8 chiaro che scaricare sulle Regioni il compito oneroso di tagliare, accorpare, ricucire, vedere quanti Comuni ci vogliono per arrivare a un numero legale di autonomia.&nbsp;Teniamo presente che noi abbiamo autonomie con 23 25 Comuni che arriverebbero a 40, per cui per visitarli tutti, il dirigente scolastico incaricato dovrebbe fare un Tour de France per cui il mio parere \u00e8 negativo, naturalmente in termini propositivi, ma io sicuramente se le cose rimangono tali, non sono in condizione di applicare questa norma cos\u00ec come\u201c.<\/p>\n\n\n\n<p>\u201cPer cui insomma dovranno commissariarmi.&nbsp;Spero ancora in un ripensamento operoso che possa portare a una soluzione decente che tuteli il diritto allo studio dei ragazzi sardi e che tenga conto della nostra insularit\u00e0 e delle nostre peculiarit\u00e0. Io in questi quattro anni mi sono battuto fortemente e ci sono riuscito anche con la ministra Azzolina ad avere una deroga per i Comuni montani. Sarei inoltre curioso di sapere&nbsp;- ha detto ancora l\u2019assessore Andrea Biancareddu - come da Bruxelles abbiano pensato di accorpare l'autonomia di Seui con un'altra di un paese limitrofo. Se i burocrati siano a conoscenza di come sono le nostre strade, della nostra densit\u00e0 demografica che \u00e8 pari a 67 abitanti per chilometro quadro e di tutte le nostre peculiarit\u00e0 che, per carit\u00e0, non \u00e8 il dato oggettivo della nostra Sardegna e anche la nostra bellezza. Per\u00f2 trattare in modo uguale casi diversi \u00e8 una palese violazione del principio di eguaglianza\u201d. Com<\/p>\n","protected":false},"excerpt":{"rendered":"<p>Cagliari, 23 Magg 2023-\u00a0L\u2019Assessore alla Pubblica Istruzione, Andrea Biancareddu, conferma le forti perplessit\u00e0 della Sardegna, nel corso di un incontro, svoltosi in videoconferenza, con il&#8230;<\/p>\n","protected":false},"author":2,"featured_media":230442,"comment_status":"closed","ping_status":"open","sticky":false,"template":"","format":"standard","meta":[],"categories":[49,52],"tags":[],"_links":{"self":[{"href":"https:\/\/www.cronacaonline.it\/index.php\/wp-json\/wp\/v2\/posts\/236230"}],"collection":[{"href":"https:\/\/www.cronacaonline.it\/index.php\/wp-json\/wp\/v2\/posts"}],"about":[{"href":"https:\/\/www.cronacaonline.it\/index.php\/wp-json\/wp\/v2\/types\/post"}],"author":[{"embeddable":true,"href":"https:\/\/www.cronacaonline.it\/index.php\/wp-json\/wp\/v2\/users\/2"}],"replies":[{"embeddable":true,"href":"https:\/\/www.cronacaonline.it\/index.php\/wp-json\/wp\/v2\/comments?post=236230"}],"version-history":[{"count":1,"href":"https:\/\/www.cronacaonline.it\/index.php\/wp-json\/wp\/v2\/posts\/236230\/revisions"}],"predecessor-version":[{"id":236231,"href":"https:\/\/www.cronacaonline.it\/index.php\/wp-json\/wp\/v2\/posts\/236230\/revisions\/236231"}],"wp:featuredmedia":[{"embeddable":true,"href":"https:\/\/www.cronacaonline.it\/index.php\/wp-json\/wp\/v2\/media\/230442"}],"wp:attachment":[{"href":"https:\/\/www.cronacaonline.it\/index.php\/wp-json\/wp\/v2\/media?parent=236230"}],"wp:term":[{"taxonomy":"category","embeddable":true,"href":"https:\/\/www.cronacaonline.it\/index.php\/wp-json\/wp\/v2\/categories?post=236230"},{"taxonomy":"post_tag","embeddable":true,"href":"https:\/\/www.cronacaonline.it\/index.php\/wp-json\/wp\/v2\/tags?post=236230"}],"curies":[{"name":"wp","href":"https:\/\/api.w.org\/{rel}","templated":true}]}}