{"id":236228,"date":"2023-05-23T19:21:07","date_gmt":"2023-05-23T17:21:07","guid":{"rendered":"https:\/\/www.cronacaonline.it\/?p=236228"},"modified":"2023-05-23T19:21:10","modified_gmt":"2023-05-23T17:21:10","slug":"qualita-sardegna-prima-e-unica-regione-in-italia-ad-avere-quattro-certificazioni-iso","status":"publish","type":"post","link":"https:\/\/www.cronacaonline.it\/index.php\/2023\/05\/23\/qualita-sardegna-prima-e-unica-regione-in-italia-ad-avere-quattro-certificazioni-iso\/","title":{"rendered":"Qualit\u00e0 &#8211; Sardegna prima e unica regione in Italia ad avere quattro certificazioni Iso."},"content":{"rendered":"\n<p>Cagliari, 23 Magg 2023\u00a0\u2013 \u201c\u00c8 la Sardegna la prima e unica regione in Italia\u00a0ad avere conseguito tutte e quattro le certificazioni di qualit\u00e0 ISO\u201d. Ad annunciarlo il presidente della Regione Sardegna, che ha espresso soddisfazione per un primato che dimostra una gestione efficace dei sistemi informativi e dei processi di gestione relativi alla qualit\u00e0 e alla sicurezza. \u201cLa Sardegna - afferma il presidente - ha compiuto un grande salto in avanti investendo in innovazione e ricerca per elevare gli standard qualitativi\u00a0ed aumentare la cybersecurity. Oggi pi\u00f9 che mai tutta la Pubblica Amministrazione \u00e8 chiamata a tutelare i bisogni di qualit\u00e0 dei suoi cittadini e a garantire la sicurezza e la riservatezza dei suoi dati\u201d.<\/p>\n\n\n\n<p>L\u2019Organismo di certificazione Bureau Veritas Spa di Milano, leader mondiale nel settore, ha certificato che i sistemi informativi e di gestione della Direzione generale Innovazione e Sicurezza IT dell\u2019Assessorato regionale degli Affari Generali sono conformi ai requisiti delle norme internazionali di gestione.<\/p>\n\n\n\n<p>Cos\u00ec l\u2019assessore degli Affari Generali, Andreina Farris. \u201cQuesto riconoscimento \u00e8 stato possibile grazie all\u2019impegno, alla sinergia e al lavoro di squadra di tutta la Direzione Generale Innovazione e Sicurezza IT. I sistemi ei processi di gestione che sono risultati conformi alle norme internazionali sono: la ISO\/IEC20000-1:2018; la&nbsp;ISO\/IEC 27000:2017 e la ISO 22301:2019, che assicurano qualit\u00e0, affidabilit\u00e0 e credibilit\u00e0 alla Direzione Generale Innovazione e Sicurezza IT\u201d.<\/p>\n\n\n\n<p>Pi\u00f9 nello specifico la ISO\/IEC 20000 - 1: 2018 rappresenta il primo standard internazionale sviluppato per la gestione dei servizi IT, che mira al miglioramento dell'erogazione e della fruizione dei servizi IT, ponendosi come obiettivo il raggiungimento della massima qualit\u00e0 e del massimo contenimento di costi. La seconda certificazione, invece,&nbsp;&nbsp;specifica i requisiti per attuare, mantenere e migliorare un sistema di gestione per la sicurezza delle informazioni, una norma indispensabile per salvaguardare la riservatezza, l\u2019integrit\u00e0 e la disponibilit\u00e0 delle informazioni gestite dall'organizzazione; mentre la ISO 22301:2019 definisce i requisiti per un sistema di gestione efficiente della continuit\u00e0 operativa, ossia una metodologia certificabile costituita da un insieme di prassi volte al mantenimento della continuit\u00e0 operativa in condizioni avverse, minimizzando l'impatto di potenziali incidenti sull'intero sistema dei servizi dell'Amministrazione. Queste tre certificazioni si aggiungono alla ISO 9001:2015&nbsp;gi\u00e0 conseguita dalla Direzione Generale Innovazione e Sicurezza IT nello scorso mese di febbraio 2023, che garantisce la creazione, l\u2019implementazione e la gestione di un sistema di qualit\u00e0 dei servizi pubblici erogati. Com<\/p>\n","protected":false},"excerpt":{"rendered":"<p>Cagliari, 23 Magg 2023\u00a0\u2013 \u201c\u00c8 la Sardegna la prima e unica regione in Italia\u00a0ad avere conseguito tutte e quattro le certificazioni di qualit\u00e0 ISO\u201d. Ad&#8230;<\/p>\n","protected":false},"author":2,"featured_media":230097,"comment_status":"closed","ping_status":"open","sticky":false,"template":"","format":"standard","meta":[],"categories":[49,52],"tags":[],"_links":{"self":[{"href":"https:\/\/www.cronacaonline.it\/index.php\/wp-json\/wp\/v2\/posts\/236228"}],"collection":[{"href":"https:\/\/www.cronacaonline.it\/index.php\/wp-json\/wp\/v2\/posts"}],"about":[{"href":"https:\/\/www.cronacaonline.it\/index.php\/wp-json\/wp\/v2\/types\/post"}],"author":[{"embeddable":true,"href":"https:\/\/www.cronacaonline.it\/index.php\/wp-json\/wp\/v2\/users\/2"}],"replies":[{"embeddable":true,"href":"https:\/\/www.cronacaonline.it\/index.php\/wp-json\/wp\/v2\/comments?post=236228"}],"version-history":[{"count":1,"href":"https:\/\/www.cronacaonline.it\/index.php\/wp-json\/wp\/v2\/posts\/236228\/revisions"}],"predecessor-version":[{"id":236229,"href":"https:\/\/www.cronacaonline.it\/index.php\/wp-json\/wp\/v2\/posts\/236228\/revisions\/236229"}],"wp:featuredmedia":[{"embeddable":true,"href":"https:\/\/www.cronacaonline.it\/index.php\/wp-json\/wp\/v2\/media\/230097"}],"wp:attachment":[{"href":"https:\/\/www.cronacaonline.it\/index.php\/wp-json\/wp\/v2\/media?parent=236228"}],"wp:term":[{"taxonomy":"category","embeddable":true,"href":"https:\/\/www.cronacaonline.it\/index.php\/wp-json\/wp\/v2\/categories?post=236228"},{"taxonomy":"post_tag","embeddable":true,"href":"https:\/\/www.cronacaonline.it\/index.php\/wp-json\/wp\/v2\/tags?post=236228"}],"curies":[{"name":"wp","href":"https:\/\/api.w.org\/{rel}","templated":true}]}}