{"id":236193,"date":"2023-05-22T18:50:41","date_gmt":"2023-05-22T16:50:41","guid":{"rendered":"https:\/\/www.cronacaonline.it\/?p=236193"},"modified":"2023-05-22T18:50:44","modified_gmt":"2023-05-22T16:50:44","slug":"ambiente-assessore-porcu-al-salone-del-libro-di-torino-la-sardegna-ha-un-patrimonio-ambientale-rilevante-e-la-regione-e-costantemente-impegnata-per-garantirne-conservazione-e-valorizzazione","status":"publish","type":"post","link":"https:\/\/www.cronacaonline.it\/index.php\/2023\/05\/22\/ambiente-assessore-porcu-al-salone-del-libro-di-torino-la-sardegna-ha-un-patrimonio-ambientale-rilevante-e-la-regione-e-costantemente-impegnata-per-garantirne-conservazione-e-valorizzazione\/","title":{"rendered":"Ambiente, assessore Porcu al salone del libro di Torino: &#8216;la Sardegna ha un patrimonio ambientale rilevante e la regione \u00e8 costantemente impegnata per garantirne conservazione e valorizzazione&#8217;."},"content":{"rendered":"\n<p>Torino, 22 Magg 2023 - \"La Sardegna possiede un rilevante patrimonio ambientale, perci\u00f2 la Regione \u00e8 costantemente impegnata per garantirne la conservazione, la gestione e la valorizzazione. In particolare meritano di essere ricordati due strumenti come la Strategia regionale per lo Sviluppo sostenibile (SrSvs) e la Rete ecologica regionale\". Lo ha detto l'assessore regionale della Difesa dell\u2019ambiente, Marco Porcu, durante l'appuntamento \"La messa in valore delle aree protette attraverso l'ecoturismo\", organizzato durante il Salone del libro di Torino per presentare i volumi del fotografo Domenico Ruiu.<\/p>\n\n\n\n<p>\"La SrSvs Sardegna2030 \u00e8 la declinazione regionale dell'Agenda 2030 dell'Onu, che si occupa in maniera integrata dei vari aspetti di sostenibilit\u00e0 che caratterizzano la qualit\u00e0 della vita - ha aggiunto l'assessore Porcu - Siamo impegnati a riflettere sulla sostenibilit\u00e0 per individuare obiettivi e azioni concrete, passando da un approccio settoriale ad uno di governo integrato\".<\/p>\n\n\n\n<p>\"Tra i temi strategici particolare importanza riveste quello relativo ad una 'Sardegna +verde' - ha sottolineato l'Assessore dell'Ambiente - L'obiettivo \u00e8 quello di realizzare forme di turismo sostenibile per lo sviluppo socioeconomico e la tutela della cultura e della biodiversit\u00e0. Tra le varie linee di intervento, lo sviluppo di un'offerta ecoturistica, migliorando l'accessibilit\u00e0 delle destinazioni con infrastrutture di mobilit\u00e0 sostenibile; lo sviluppo di prodotti turistici sostenibili per rafforzare, destagionalizzare e diversificare l'offerta; la realizzazione di interventi materiali e immateriali per la fruizione turistica consapevole e responsabile\".<\/p>\n\n\n\n<p>\"La Rete ecologica regionale comprende le Aree protette nazionali (Parchi e Aree marine), quelle regionali (Parchi, Monumenti naturali, Aree di rilevante interesse naturalistico) e i 128 siti della Rete Natura 2000 (Zsc, Sic e Zps). Un patrimonio di elevata ricchezza, oggetto di continui strumenti di tutela, ma che merita sempre di pi\u00f9 nel campo della valorizzazione. In Sardegna abbiamo un sistema naturale, paesaggistico, artistico e culturale, che anche attraverso la promozione dei territori dell'interno rappresenta un tassello importante per lo sviluppo economico dell'Isola e la lotta allo spopolamento\", ha concluso l'assessore Porcu.&nbsp;Com<\/p>\n","protected":false},"excerpt":{"rendered":"<p>Torino, 22 Magg 2023 &#8211; &#8220;La Sardegna possiede un rilevante patrimonio ambientale, perci\u00f2 la Regione \u00e8 costantemente impegnata per garantirne la conservazione, la gestione e&#8230;<\/p>\n","protected":false},"author":2,"featured_media":236194,"comment_status":"closed","ping_status":"open","sticky":false,"template":"","format":"standard","meta":[],"categories":[49,52],"tags":[],"_links":{"self":[{"href":"https:\/\/www.cronacaonline.it\/index.php\/wp-json\/wp\/v2\/posts\/236193"}],"collection":[{"href":"https:\/\/www.cronacaonline.it\/index.php\/wp-json\/wp\/v2\/posts"}],"about":[{"href":"https:\/\/www.cronacaonline.it\/index.php\/wp-json\/wp\/v2\/types\/post"}],"author":[{"embeddable":true,"href":"https:\/\/www.cronacaonline.it\/index.php\/wp-json\/wp\/v2\/users\/2"}],"replies":[{"embeddable":true,"href":"https:\/\/www.cronacaonline.it\/index.php\/wp-json\/wp\/v2\/comments?post=236193"}],"version-history":[{"count":1,"href":"https:\/\/www.cronacaonline.it\/index.php\/wp-json\/wp\/v2\/posts\/236193\/revisions"}],"predecessor-version":[{"id":236195,"href":"https:\/\/www.cronacaonline.it\/index.php\/wp-json\/wp\/v2\/posts\/236193\/revisions\/236195"}],"wp:featuredmedia":[{"embeddable":true,"href":"https:\/\/www.cronacaonline.it\/index.php\/wp-json\/wp\/v2\/media\/236194"}],"wp:attachment":[{"href":"https:\/\/www.cronacaonline.it\/index.php\/wp-json\/wp\/v2\/media?parent=236193"}],"wp:term":[{"taxonomy":"category","embeddable":true,"href":"https:\/\/www.cronacaonline.it\/index.php\/wp-json\/wp\/v2\/categories?post=236193"},{"taxonomy":"post_tag","embeddable":true,"href":"https:\/\/www.cronacaonline.it\/index.php\/wp-json\/wp\/v2\/tags?post=236193"}],"curies":[{"name":"wp","href":"https:\/\/api.w.org\/{rel}","templated":true}]}}