{"id":236191,"date":"2023-05-22T18:20:15","date_gmt":"2023-05-22T16:20:15","guid":{"rendered":"https:\/\/www.cronacaonline.it\/?p=236191"},"modified":"2023-05-22T18:20:18","modified_gmt":"2023-05-22T16:20:18","slug":"occupazione-prende-il-via-a-tortoli-il-tour-della-regione-il-lavoro-nei-territori-sardi-lassessore-lai-dare-voce-ai-territori-costruire-reti-e-sinergie-che-crei","status":"publish","type":"post","link":"https:\/\/www.cronacaonline.it\/index.php\/2023\/05\/22\/occupazione-prende-il-via-a-tortoli-il-tour-della-regione-il-lavoro-nei-territori-sardi-lassessore-lai-dare-voce-ai-territori-costruire-reti-e-sinergie-che-crei\/","title":{"rendered":"Occupazione, prende il via a Tortol\u00ec il tour della regione \u201cil lavoro nei territori sardi\u201d. L\u2019assessore Lai: \u201cdare voce ai territori, costruire reti e sinergie che creino sviluppo\u201d."},"content":{"rendered":"\n<p>Tortol\u00ec (Nu), 22 Magg 2023 \u2013\u00a0Prende il via a Tortol\u00ec il tour \u201cIl lavoro nei territori sardi\u201d, che l\u2019assessorato regionale del Lavoro porter\u00e0 avanti in Sardegna per condividere il nuovo programma di politiche attive contro la disoccupazione.<\/p>\n\n\n\n<p>Cos\u00ec l\u2019assessore regionale del Lavoro Ada Lai. \u201cDiamo voce ai territori per costruire reti e sinergie che creino sviluppo. Partiamo dall\u2019Ogliastra proprio perch\u00e9 questo territorio pu\u00f2 diventare il simbolo del rilancio delle zone interne della Sardegna. Abbiamo a disposizione risorse ingenti che abbiamo gi\u00e0 programmato, la maggior parte delle quali sono state gi\u00e0 deliberate e vogliamo spenderle tutte&nbsp;per&nbsp;il&nbsp;lavoro, fonte di benessere per tutte le persone.&nbsp;&nbsp;Siamo qui per informare sulle politiche messe in campo dalla Regione per l\u2019occupazione, ma anche per ascoltare le vostre esigenze, necessarie per co-progettare insieme i programmi futuri, come ci chiede l\u2019Unione Europea per l\u2019utilizzo dei fondi comunitari\u201d.<\/p>\n\n\n\n<p>Cos\u00ec l\u2019assessore regionale del Lavoro, Ada Lai, \u00e8 intervenuta al primo appuntamento del ciclo di incontri di animazione territoriale itinerante nell\u2019isola, tenutosi questo pomeriggio a Tortol\u00ec, presso il Consorzio Industriale. Un\u2019occasione di scambio e confronto per approfondire le traiettorie di sviluppo, le potenzialit\u00e0 e le criticit\u00e0 dei territori con i sindaci, i rappresentanti delle istituzioni e del mondo delle imprese, i portatori d\u2019interesse, le organizzazioni datoriali, sindacali, di categoria&nbsp;e la comunit\u00e0 ogliastrina.<\/p>\n\n\n\n<p>\u201cScegliamo una strategia partecipativa di sviluppo locale&nbsp;- sottolinea Lai - ascoltando i protagonisti del territorio: i sindaci, che hanno il polso della situazione nei loro comuni e il mondo delle imprese, per rilanciare uno sviluppo sociale ed economico sostenibile, rispettoso dell\u2019identit\u00e0 dei luoghi e contrastare il fenomeno dello spopolamento nelle zone dell\u2019interno. L\u2019Ogliastra \u00e8 caratterizzata da un contesto montuoso, scarse infrastrutture, una bassa presenza di attivit\u00e0 produttive, ma con un grande potenziale nei settori del turismo, della nautica e dell\u2019agroalimentare. Da qui dobbiamo partire - aggiunge l\u2019esponente dell\u2019esecutivo della Sardegna - investendo sulla formazione professionale mirata alle richieste del mercato per creare quelle professionalit\u00e0 e quelle figure pi\u00f9 ricercate dalle aziende.&nbsp;&nbsp;Diverse le politiche gi\u00e0 messe in campo dalla Regione per sostenere le imprese, come l\u2019Avviso Destinazione Sardegna Lavoro, che nelle prossime edizioni sar\u00e0 esteso anche alle imprese artigiane e agli autonomi del settore turistico, e gli interventi a favore delle&nbsp;amministrazioni locali, attraverso i Cantieri Lavoras\u201d.<\/p>\n\n\n\n<p>Durante l\u2019incontro sono state illustrate e condivise le misure che l\u2019assessorato regionale del Lavoro metter\u00e0 in campo per favorire l\u2019occupazione in Ogliastra. Dal Programma Gol, finanziato dal PNRR,&nbsp;alle linee di intervento di politica attiva del lavoro del Fondo Sociale Europeo + per l\u2019occupabilit\u00e0, l\u2019inclusione e la coesione sociale, dall\u2019accesso al credito per le piccole e medie imprese al sostegno al lavoro autonomo attraverso il microcredito, dalla formazione professionale mirata all\u2019accompagnamento per rientrare&nbsp;nel mercato del lavoro attraverso i bonus occupazionali.<\/p>\n\n\n\n<p>All\u2019interno della strategia di sviluppo partecipativo dei territori, nei prossimi interventi avranno un ruolo cruciale il Gruppo d\u2019Azione Locale, uno&nbsp;strumento promosso dall\u2019Unione Europea per sviluppare i programmi dedicati al miglioramento socio-economico delle comunit\u00e0 rurali, ossia raggruppamenti di partner pubblici e privati. Saranno proprio i GAL a realizzare il prossimo avviso dell\u2019assessorato regionale del Lavoro per le aree montuose,&nbsp;finanziato dal FSE 21-27,&nbsp;in continuit\u00e0&nbsp;&nbsp;con la strategia adottata dalla Giunta isolana per contrastare il fenomeno dello spopolamento. Un intervento di valorizzazione complessiva dei borghi montani e della loro economia basata sull\u2019allevamento e sull\u2019agroalimentare, con un potenziale turistico ancora inespresso a causa dell\u2019isolamento infrastrutturale che la Giunta sarda intende superare. Com<\/p>\n","protected":false},"excerpt":{"rendered":"<p>Tortol\u00ec (Nu), 22 Magg 2023 \u2013\u00a0Prende il via a Tortol\u00ec il tour \u201cIl lavoro nei territori sardi\u201d, che l\u2019assessorato regionale del Lavoro porter\u00e0 avanti in&#8230;<\/p>\n","protected":false},"author":2,"featured_media":235318,"comment_status":"closed","ping_status":"open","sticky":false,"template":"","format":"standard","meta":[],"categories":[49,52],"tags":[],"_links":{"self":[{"href":"https:\/\/www.cronacaonline.it\/index.php\/wp-json\/wp\/v2\/posts\/236191"}],"collection":[{"href":"https:\/\/www.cronacaonline.it\/index.php\/wp-json\/wp\/v2\/posts"}],"about":[{"href":"https:\/\/www.cronacaonline.it\/index.php\/wp-json\/wp\/v2\/types\/post"}],"author":[{"embeddable":true,"href":"https:\/\/www.cronacaonline.it\/index.php\/wp-json\/wp\/v2\/users\/2"}],"replies":[{"embeddable":true,"href":"https:\/\/www.cronacaonline.it\/index.php\/wp-json\/wp\/v2\/comments?post=236191"}],"version-history":[{"count":1,"href":"https:\/\/www.cronacaonline.it\/index.php\/wp-json\/wp\/v2\/posts\/236191\/revisions"}],"predecessor-version":[{"id":236192,"href":"https:\/\/www.cronacaonline.it\/index.php\/wp-json\/wp\/v2\/posts\/236191\/revisions\/236192"}],"wp:featuredmedia":[{"embeddable":true,"href":"https:\/\/www.cronacaonline.it\/index.php\/wp-json\/wp\/v2\/media\/235318"}],"wp:attachment":[{"href":"https:\/\/www.cronacaonline.it\/index.php\/wp-json\/wp\/v2\/media?parent=236191"}],"wp:term":[{"taxonomy":"category","embeddable":true,"href":"https:\/\/www.cronacaonline.it\/index.php\/wp-json\/wp\/v2\/categories?post=236191"},{"taxonomy":"post_tag","embeddable":true,"href":"https:\/\/www.cronacaonline.it\/index.php\/wp-json\/wp\/v2\/tags?post=236191"}],"curies":[{"name":"wp","href":"https:\/\/api.w.org\/{rel}","templated":true}]}}